{"id":3636,"date":"2024-07-24T10:57:37","date_gmt":"2024-07-24T08:57:37","guid":{"rendered":"https:\/\/asle.es\/?p=3636"},"modified":"2024-07-24T10:58:02","modified_gmt":"2024-07-24T08:58:02","slug":"eaeko-gizarte-ekonomia-hazten-ari-da","status":"publish","type":"post","link":"https:\/\/asle.es\/eu\/2024\/07\/24\/eaeko-gizarte-ekonomia-hazten-ari-da\/","title":{"rendered":"EAEko Gizarte Ekonomia hazten ari da"},"content":{"rendered":"<section class=\"l-section wpb_row height_small\"><div class=\"l-section-h i-cf\"><div class=\"g-cols vc_row via_flex valign_top type_default stacking_default\"><div class=\"vc_col-sm-12 wpb_column vc_column_container\"><div class=\"vc_column-inner\"><div class=\"wpb_wrapper\"><div class=\"wpb_text_column\"><div class=\"wpb_wrapper\"><h1>Euskadiko Gizarte Ekonomiak bere Hazkundea indartu du 2022an<\/h1>\n<p>Atzo Gasteizen egindako topaketa batean, Elena Perez Barredo Lan eta Gizarte Segurantzako sailburuordeak eta Jokin Diaz Arsuaga Gizarte Ekonomiako zuzendariak 2022. urteari dagokion Gizarte Ekonomiaren estatistikaren emaitzak aurkeztu dituzte. Ekitaldi hau susperraldi sozioekonomiko esanguratsu gisa deskribatu da, non ekonomia sozialak hazkunde nabarmena izan duen enpleguan, Euskadiko okupazio orokorraren erritmoa gaindituz.<\/p>\n<\/div><\/div><div class=\"w-separator size_medium\"><\/div><div class=\"w-image align_left\"><div class=\"w-image-h\"><img decoding=\"async\" width=\"1320\" height=\"496\" src=\"https:\/\/asle.es\/wp-content\/uploads\/2024\/07\/ASLE_Gobierno_Vasco_Economia_Social.png\" class=\"attachment-full size-full\" alt=\"Imagen del encuentro celebrado en Vitoria, la viceconsejera de Trabajo y Seguridad Social, Elena P\u00e9rez Barredo, y el director de Econom\u00eda Social, Jokin Diaz Arsuaga, han presentado los resultados de la estad\u00edstica de la Econom\u00eda Social correspondiente al a\u00f1o 2022.\" loading=\"lazy\" srcset=\"https:\/\/asle.es\/wp-content\/uploads\/2024\/07\/ASLE_Gobierno_Vasco_Economia_Social.png 1320w, https:\/\/asle.es\/wp-content\/uploads\/2024\/07\/ASLE_Gobierno_Vasco_Economia_Social-300x113.png 300w, https:\/\/asle.es\/wp-content\/uploads\/2024\/07\/ASLE_Gobierno_Vasco_Economia_Social-1024x385.png 1024w\" sizes=\"auto, (max-width: 1320px) 100vw, 1320px\" \/><\/div><\/div><div class=\"w-separator size_medium\"><\/div><div class=\"wpb_text_column\"><div class=\"wpb_wrapper\"><p>Euskal Autonomia Erkidegoko (EAE) gizarte-ekonomia %6,1 hazi da enpleguan 2022an, euskal okupazioak oro har izan duen %3,8ko igoerarekin alderatuta. Hazkunde horren ondorioz, 93.608 enplegu sortu dira gizarte-ekonomiaren barruan, eta eskualdeko biztanleria okupatuaren % 9,7 dira.<\/p>\n<p>Enpleguaren hazkundeaz gain, estatistikak datu positiboak eman zituen Euskal Autonomia Erkidegoko gizarte-ekonomiako enpresen eta establezimenduen kopuruari buruz. 2022an, gizarte-ekonomiako 3.941 enpresa eta 5.420 establezimendu zenbatu ziren, eta haien garrantzia sendotu egin zen eskualdeko ehun ekonomiko eta sozialean.<\/p>\n<p>Bilera horretan, Perez Barredok nabarmendu zuen zenbaki horiek oso garrantzitsuak direla ekonomia sozialak suspertze-garaian duen dinamismoaren eta erresilientziaren adierazle gisa. Era berean, 2023. urteari dagokion inkestari buruzko lehen inpresioak aurreratu zituzten, joera positibo horren jarraipena iradokiz.<\/p>\n<p>Topaketan, gizarte ekonomiako hainbat erakundetako ordezkariek parte hartu zuten, besteak beste, CSCE, Konfekoop, Asle, Gizatea, EHLABE eta FUNKO. Positiboki baloratu zituzten aurkeztutako emaitzak, eta euskal ekonomiarentzat funtsezkoa den sektore hori indartzearen alde lanean jarraitzeko konpromisoa adierazi zuten.<\/p>\n<p>ASLErentzat, <a href=\"https:\/\/asle.es\/eu\/gure-eredua\/\">Lan Sozietateen eta Parte-hartutako enpresen <\/a>elkarte ordezkatzaile gisa, emaitza horiek <a href=\"https:\/\/asle.es\/eu\/asle-gara\/ekonomia-soziala-gara\/\">gizarte-ekonomiak<\/a> Euskal Autonomia Erkidegoan garapen jasangarriaren eta gizarte-kohesioaren eragile gisa duen garrantzia indartzen dute. Enpleguaren hazkundeak eta gizarte-ekonomiako enpresen eta establezimenduen hedapenak argi erakusten dute eredu ekonomiko horrek gure gizartean duen eragin positiboa.<\/p>\n<p>Eusko Jaurlaritzak, Lan eta Enplegu Sailaren bitartez, berretsi egiten du gizarte-ekonomia laguntzeko eta sustatzeko konpromisoa, eskualdearen garapen inklusibo eta iraunkorrerako funtsezko bide gisa.<\/p>\n<p><strong>Iturria:<\/strong> Eusko Jaurlaritzako Lan eta Enplegu Saila. Ikusi albistea <a href=\"https:\/\/www.irekia.euskadi.eus\/eu\/news\/94936-2022ko-gizarte-ekonomiaren-estatistikaren-aurkezpena-eta-2023ko-aurrerapena\">Irekian.<\/a><\/p>\n<\/div><\/div><div class=\"w-separator size_small\"><\/div><\/div><\/div><\/div><\/div><\/div><\/section><section class=\"l-section wpb_row height_small\"><div class=\"l-section-h i-cf\"><div class=\"g-cols vc_row via_flex valign_top type_default stacking_default\"><div class=\"vc_col-sm-12 wpb_column vc_column_container\"><div class=\"vc_column-inner\"><div class=\"wpb_wrapper\"><div class=\"wpb_text_column\"><div class=\"wpb_wrapper\"><h5><strong>Agian zuri ere interesatuko zaizu&#8230;<\/strong><\/h5>\n<\/div><\/div><div class=\"w-separator size_small\"><\/div><div class=\"w-grid us_grid type_grid layout_423 cols_3 overflow_hidden preload_style_spinner\" id=\"us_grid_1\" style=\"--columns:3;--gap:1.5rem;\" data-filterable=\"true\"><style>@media (max-width:1024px){#us_grid_1{--columns:2!important}}@media (max-width:600px){#us_grid_1{--columns:1!important}}.layout_423 .w-grid-item-h{background:#ffffff;color:var(--color-content-text);border-radius:0rem;box-shadow:0 0.03rem 0.06rem rgba(0,0,0,0.1),0 0.1rem 0.3rem rgba(0,0,0,0.1);transition-duration:0.3s}.no-touch .layout_423 .w-grid-item-h:hover{box-shadow:0 0.1rem 0.2rem rgba(0,0,0,0.1),0 0.33rem 1rem rgba(0,0,0,0.15);z-index:4}.layout_423 .usg_post_title_1{font-size:1.4rem!important;font-weight:700!important}.layout_423 .usg_vwrapper_1{padding:9% 11% 11% 11%!important}.layout_423 .usg_post_date_1{font-size:0.8rem!important;text-transform:uppercase!important}.layout_423 .usg_hwrapper_1{font-size:0.9rem!important}@media (max-width:600px){.layout_423 .usg_post_title_1{font-size:1.2rem!important}}<\/style><div class=\"w-grid-list\">\t<article class=\"w-grid-item size_1x1 post-6816 post type-post status-publish format-standard has-post-thumbnail hentry category-albisteak sailkapena-consolidacion-eu sailkapena-sociedad-laboral-eu\" data-id=\"6816\">\r\n\t\t<div class=\"w-grid-item-h\">\r\n\t\t\t\t\t\t<div class=\"w-post-elm post_image usg_post_image_1 stretched\"><a href=\"https:\/\/asle.es\/eu\/2026\/04\/16\/batzar-nagusia-2026\/\" aria-label=\"BATZAR NAGUSIA 2026\"><img loading=\"lazy\" decoding=\"async\" width=\"821\" height=\"551\" src=\"https:\/\/asle.es\/wp-content\/uploads\/2026\/04\/Save-the-date-ASLE_ASAMBLEA_GENERAL-2.png\" class=\"attachment-large size-large wp-post-image\" alt=\"\" srcset=\"https:\/\/asle.es\/wp-content\/uploads\/2026\/04\/Save-the-date-ASLE_ASAMBLEA_GENERAL-2.png 821w, https:\/\/asle.es\/wp-content\/uploads\/2026\/04\/Save-the-date-ASLE_ASAMBLEA_GENERAL-2-300x201.png 300w\" sizes=\"auto, (max-width: 821px) 100vw, 821px\" \/><\/a><\/div><div class=\"w-vwrapper usg_vwrapper_1 align_none valign_top\"><h4 class=\"w-post-elm post_title usg_post_title_1 entry-title color_link_inherit\"><a href=\"https:\/\/asle.es\/eu\/2026\/04\/16\/batzar-nagusia-2026\/\">BATZAR NAGUSIA 2026<\/a><\/h4><div class=\"w-hwrapper usg_hwrapper_1 align_left valign_middle\" style=\"--hwrapper-gap:0.6rem\"><div class=\"w-post-elm post_taxonomy usg_post_taxonomy_1 style_badge color_link_inherit\"><a class=\"w-btn us-btn-style_3 term-34 term-albisteak\" href=\"https:\/\/asle.es\/eu\/gatza\/albisteak\/\"><span class=\"w-btn-label\">Albisteak<\/span><\/a><\/div><\/div><time class=\"w-post-elm post_date usg_post_date_1 entry-date published\" datetime=\"2026-04-16T11:53:30+02:00\" title=\"11:53:30 Europe\/Madrid 16 apirila 2026\">11:53 16 Api<\/time><div class=\"w-post-elm post_content usg_post_content_1\">Datorren maiatzaren 15ean, ASLEko enpresa elkartuok urteko topaketa garrantzitsuena izango dugu Orona Ideon (Hernani). 2026ko Batzar Nagusia gure kudeaketaren jarraipena&hellip;<\/div><\/div>\t\t<\/div>\r\n\t\t\t<\/article>\r\n\t<article class=\"w-grid-item size_1x1 post-6671 post type-post status-publish format-standard has-post-thumbnail hentry category-albisteak sailkapena-consolidacion-eu sailkapena-consolidar-eu sailkapena-sociedad-laboral-eu\" data-id=\"6671\">\r\n\t\t<div class=\"w-grid-item-h\">\r\n\t\t\t\t\t\t<div class=\"w-post-elm post_image usg_post_image_1 stretched\"><a href=\"https:\/\/asle.es\/eu\/2026\/03\/04\/bazkidea-zergatik-erabiltzen-dugu-hitz-bakar-bat-hainbeste-esan-nahi-duen-zerbaitetarako\/\" aria-label=\"Bazkidea: Zergatik erabiltzen dugu hitz bakar bat hainbeste esan nahi duen zerbaitetarako?\"><img loading=\"lazy\" decoding=\"async\" width=\"821\" height=\"551\" src=\"https:\/\/asle.es\/wp-content\/uploads\/2026\/03\/ASLE_BAZKIDEA-1.png\" class=\"attachment-large size-large wp-post-image\" alt=\"\" srcset=\"https:\/\/asle.es\/wp-content\/uploads\/2026\/03\/ASLE_BAZKIDEA-1.png 821w, https:\/\/asle.es\/wp-content\/uploads\/2026\/03\/ASLE_BAZKIDEA-1-300x201.png 300w\" sizes=\"auto, (max-width: 821px) 100vw, 821px\" \/><\/a><\/div><div class=\"w-vwrapper usg_vwrapper_1 align_none valign_top\"><h4 class=\"w-post-elm post_title usg_post_title_1 entry-title color_link_inherit\"><a href=\"https:\/\/asle.es\/eu\/2026\/03\/04\/bazkidea-zergatik-erabiltzen-dugu-hitz-bakar-bat-hainbeste-esan-nahi-duen-zerbaitetarako\/\">Bazkidea: Zergatik erabiltzen dugu hitz bakar bat hainbeste esan nahi duen zerbaitetarako?<\/a><\/h4><div class=\"w-hwrapper usg_hwrapper_1 align_left valign_middle\" style=\"--hwrapper-gap:0.6rem\"><div class=\"w-post-elm post_taxonomy usg_post_taxonomy_1 style_badge color_link_inherit\"><a class=\"w-btn us-btn-style_3 term-34 term-albisteak\" href=\"https:\/\/asle.es\/eu\/gatza\/albisteak\/\"><span class=\"w-btn-label\">Albisteak<\/span><\/a><\/div><\/div><time class=\"w-post-elm post_date usg_post_date_1 entry-date published\" datetime=\"2026-03-04T09:41:52+01:00\" title=\"09:41:52 Europe\/Madrid 4 martxoa 2026\">9:41 4 Mar<\/time><div class=\"w-post-elm post_content usg_post_content_1\">Sarritan pentsatzen da gazteek konpromisoari ihes egiten diotela edo &#8220;behin-behineko&#8221; lanen bila dabiltzala. Hala ere, gure lan-sozietateen errealitateak oso bestelako&hellip;<\/div><\/div>\t\t<\/div>\r\n\t\t\t<\/article>\r\n\t<article class=\"w-grid-item size_1x1 post-6576 post type-post status-publish format-standard has-post-thumbnail hentry category-albisteak sailkapena-consolidacion-eu sailkapena-sociedad-laboral-eu\" data-id=\"6576\">\r\n\t\t<div class=\"w-grid-item-h\">\r\n\t\t\t\t\t\t<div class=\"w-post-elm post_image usg_post_image_1 stretched\"><a href=\"https:\/\/asle.es\/eu\/2026\/02\/18\/conatec-agrupa-lab-competitividad-gauzatu-industria\/\" aria-label=\"Conatec SALek eta Agrupa Laboratorio SLLk Gauzatu Industriarekin duten lehiakortasuna indartu dute\"><img loading=\"lazy\" decoding=\"async\" width=\"821\" height=\"551\" src=\"https:\/\/asle.es\/wp-content\/uploads\/2026\/02\/ASLE_GAUZATU_INDUSTRIA-1.png\" class=\"attachment-large size-large wp-post-image\" alt=\"\" srcset=\"https:\/\/asle.es\/wp-content\/uploads\/2026\/02\/ASLE_GAUZATU_INDUSTRIA-1.png 821w, https:\/\/asle.es\/wp-content\/uploads\/2026\/02\/ASLE_GAUZATU_INDUSTRIA-1-300x201.png 300w\" sizes=\"auto, (max-width: 821px) 100vw, 821px\" \/><\/a><\/div><div class=\"w-vwrapper usg_vwrapper_1 align_none valign_top\"><h4 class=\"w-post-elm post_title usg_post_title_1 entry-title color_link_inherit\"><a href=\"https:\/\/asle.es\/eu\/2026\/02\/18\/conatec-agrupa-lab-competitividad-gauzatu-industria\/\">Conatec SALek eta Agrupa Laboratorio SLLk Gauzatu Industriarekin duten lehiakortasuna indartu dute<\/a><\/h4><div class=\"w-hwrapper usg_hwrapper_1 align_left valign_middle\" style=\"--hwrapper-gap:0.6rem\"><div class=\"w-post-elm post_taxonomy usg_post_taxonomy_1 style_badge color_link_inherit\"><a class=\"w-btn us-btn-style_3 term-34 term-albisteak\" href=\"https:\/\/asle.es\/eu\/gatza\/albisteak\/\"><span class=\"w-btn-label\">Albisteak<\/span><\/a><\/div><\/div><time class=\"w-post-elm post_date usg_post_date_1 entry-date published\" datetime=\"2026-02-18T17:19:35+01:00\" title=\"17:19:35 Europe\/Madrid 18 otsaila 2026\">17:19 18 Ots<\/time><div class=\"w-post-elm post_content usg_post_content_1\">Euskal industria-sarea urrats tinkoekin doa aurrera berrikuntza eta hazkunde handiagoko egoera baterantz. Testuinguru horretan, pozgarria da gure komunitateko bi enpresa,&hellip;<\/div><\/div>\t\t<\/div>\r\n\t\t\t<\/article>\r\n\t<article class=\"w-grid-item size_1x1 post-6528 post type-post status-publish format-standard has-post-thumbnail hentry category-albisteak category-uncategorized-eu sailkapena-sociedad-laboral-eu sailkapena-transformar-eu\" data-id=\"6528\">\r\n\t\t<div class=\"w-grid-item-h\">\r\n\t\t\t\t\t\t<div class=\"w-post-elm post_image usg_post_image_1 stretched\"><a href=\"https:\/\/asle.es\/eu\/2026\/02\/11\/bazkidetzara-saltoa\/\" aria-label=\"Bazkidetzara saltoa: Gure enpresen etorkizuna ereiten\"><img loading=\"lazy\" decoding=\"async\" width=\"821\" height=\"551\" src=\"https:\/\/asle.es\/wp-content\/uploads\/2026\/02\/ASLE_RELEVO_SOCIETARIO-7.png\" class=\"attachment-large size-large wp-post-image\" alt=\"\" srcset=\"https:\/\/asle.es\/wp-content\/uploads\/2026\/02\/ASLE_RELEVO_SOCIETARIO-7.png 821w, https:\/\/asle.es\/wp-content\/uploads\/2026\/02\/ASLE_RELEVO_SOCIETARIO-7-300x201.png 300w\" sizes=\"auto, (max-width: 821px) 100vw, 821px\" \/><\/a><\/div><div class=\"w-vwrapper usg_vwrapper_1 align_none valign_top\"><h4 class=\"w-post-elm post_title usg_post_title_1 entry-title color_link_inherit\"><a href=\"https:\/\/asle.es\/eu\/2026\/02\/11\/bazkidetzara-saltoa\/\">Bazkidetzara saltoa: Gure enpresen etorkizuna ereiten<\/a><\/h4><div class=\"w-hwrapper usg_hwrapper_1 align_left valign_middle\" style=\"--hwrapper-gap:0.6rem\"><div class=\"w-post-elm post_taxonomy usg_post_taxonomy_1 style_badge color_link_inherit\"><div class=\"w-post-elm-list\"><a class=\"w-btn us-btn-style_3 term-34 term-albisteak\" href=\"https:\/\/asle.es\/eu\/gatza\/albisteak\/\"><span class=\"w-btn-label\">Albisteak<\/span><\/a><a class=\"w-btn us-btn-style_3 term-2 term-uncategorized-eu\" href=\"https:\/\/asle.es\/eu\/gatza\/uncategorized-eu\/\"><span class=\"w-btn-label\">Uncategorized @eu<\/span><\/a><\/div><\/div><\/div><time class=\"w-post-elm post_date usg_post_date_1 entry-date published\" datetime=\"2026-02-11T08:00:47+01:00\" title=\"08:00:47 Europe\/Madrid 11 otsaila 2026\">8:00 11 Ots<\/time><div class=\"w-post-elm post_content usg_post_content_1\">ASLEn ziur gaude Lan Sozietate baten arrakasta ez dela emaitza ekonomikoen bidez soilik neurtzen, baita bere espiritu kolektiboaren indarraren bidez&hellip;<\/div><\/div>\t\t<\/div>\r\n\t\t\t<\/article>\r\n\t<article class=\"w-grid-item size_1x1 post-6494 post type-post status-publish format-standard has-post-thumbnail hentry category-albisteak category-uncategorized-eu sailkapena-sociedad-laboral-eu sailkapena-transformar-eu\" data-id=\"6494\">\r\n\t\t<div class=\"w-grid-item-h\">\r\n\t\t\t\t\t\t<div class=\"w-post-elm post_image usg_post_image_1 stretched\"><a href=\"https:\/\/asle.es\/eu\/2026\/02\/04\/zure-enpresak-behar-duen-erreleboa\/\" aria-label=\"Zure enpresak behar duen erreleboa: talentuaren erronka aukera partekatu bihurtzea\"><img loading=\"lazy\" decoding=\"async\" width=\"821\" height=\"551\" src=\"https:\/\/asle.es\/wp-content\/uploads\/2026\/02\/ASLE_RELEVO_TALENTO_OPORTUNIDAD_DESTACADO.png\" class=\"attachment-large size-large wp-post-image\" alt=\"\" srcset=\"https:\/\/asle.es\/wp-content\/uploads\/2026\/02\/ASLE_RELEVO_TALENTO_OPORTUNIDAD_DESTACADO.png 821w, https:\/\/asle.es\/wp-content\/uploads\/2026\/02\/ASLE_RELEVO_TALENTO_OPORTUNIDAD_DESTACADO-300x201.png 300w\" sizes=\"auto, (max-width: 821px) 100vw, 821px\" \/><\/a><\/div><div class=\"w-vwrapper usg_vwrapper_1 align_none valign_top\"><h4 class=\"w-post-elm post_title usg_post_title_1 entry-title color_link_inherit\"><a href=\"https:\/\/asle.es\/eu\/2026\/02\/04\/zure-enpresak-behar-duen-erreleboa\/\">Zure enpresak behar duen erreleboa: talentuaren erronka aukera partekatu bihurtzea<\/a><\/h4><div class=\"w-hwrapper usg_hwrapper_1 align_left valign_middle\" style=\"--hwrapper-gap:0.6rem\"><div class=\"w-post-elm post_taxonomy usg_post_taxonomy_1 style_badge color_link_inherit\"><div class=\"w-post-elm-list\"><a class=\"w-btn us-btn-style_3 term-34 term-albisteak\" href=\"https:\/\/asle.es\/eu\/gatza\/albisteak\/\"><span class=\"w-btn-label\">Albisteak<\/span><\/a><a class=\"w-btn us-btn-style_3 term-2 term-uncategorized-eu\" href=\"https:\/\/asle.es\/eu\/gatza\/uncategorized-eu\/\"><span class=\"w-btn-label\">Uncategorized @eu<\/span><\/a><\/div><\/div><\/div><time class=\"w-post-elm post_date usg_post_date_1 entry-date published\" datetime=\"2026-02-04T08:00:55+01:00\" title=\"08:00:55 Europe\/Madrid 4 otsaila 2026\">8:00 4 Ots<\/time><div class=\"w-post-elm post_content usg_post_content_1\">Gaur, Euskadiko agenda ekonomikoa baldintzatzen duen errealitate baten berri emango dugu. Tulankideren arabera, belaunaldien arteko errelebo falta eta kanpoko talentua&hellip;<\/div><\/div>\t\t<\/div>\r\n\t\t\t<\/article>\r\n\t<article class=\"w-grid-item size_1x1 post-6469 post type-post status-publish format-standard has-post-thumbnail hentry category-albisteak sailkapena-emprendimiento-eu sailkapena-sociedad-laboral-eu\" data-id=\"6469\">\r\n\t\t<div class=\"w-grid-item-h\">\r\n\t\t\t\t\t\t<div class=\"w-post-elm post_image usg_post_image_1 stretched\"><a href=\"https:\/\/asle.es\/eu\/2026\/01\/29\/aktibarural-20-informazio-saioa-arratian\/\" aria-label=\"AktibaRural-20: Informazio Saioa Arratian\"><img loading=\"lazy\" decoding=\"async\" width=\"821\" height=\"551\" src=\"https:\/\/asle.es\/wp-content\/uploads\/2026\/01\/AKTIBARURAL20_PROYECTO_WEB_EUS-3.png\" class=\"attachment-large size-large wp-post-image\" alt=\"\" srcset=\"https:\/\/asle.es\/wp-content\/uploads\/2026\/01\/AKTIBARURAL20_PROYECTO_WEB_EUS-3.png 821w, https:\/\/asle.es\/wp-content\/uploads\/2026\/01\/AKTIBARURAL20_PROYECTO_WEB_EUS-3-300x201.png 300w\" sizes=\"auto, (max-width: 821px) 100vw, 821px\" \/><\/a><\/div><div class=\"w-vwrapper usg_vwrapper_1 align_none valign_top\"><h4 class=\"w-post-elm post_title usg_post_title_1 entry-title color_link_inherit\"><a href=\"https:\/\/asle.es\/eu\/2026\/01\/29\/aktibarural-20-informazio-saioa-arratian\/\">AktibaRural-20: Informazio Saioa Arratian<\/a><\/h4><div class=\"w-hwrapper usg_hwrapper_1 align_left valign_middle\" style=\"--hwrapper-gap:0.6rem\"><div class=\"w-post-elm post_taxonomy usg_post_taxonomy_1 style_badge color_link_inherit\"><a class=\"w-btn us-btn-style_3 term-34 term-albisteak\" href=\"https:\/\/asle.es\/eu\/gatza\/albisteak\/\"><span class=\"w-btn-label\">Albisteak<\/span><\/a><\/div><\/div><time class=\"w-post-elm post_date usg_post_date_1 entry-date published\" datetime=\"2026-01-29T14:24:52+01:00\" title=\"14:24:52 Europe\/Madrid 29 urtarrila 2026\">14:24 29 Urt<\/time><div class=\"w-post-elm post_content usg_post_content_1\">Askotan ematen du proiektu profesional bat martxan jartzeko edo aukera berriak aurkitzeko hirira begiratu behar dela. Hala ere, Arratiaren etorkizuna&hellip;<\/div><\/div>\t\t<\/div>\r\n\t\t\t<\/article>\r\n\t<article class=\"w-grid-item size_1x1 post-6395 post type-post status-publish format-standard has-post-thumbnail hentry category-albisteak sailkapena-consolidacion-eu sailkapena-consolidar-eu sailkapena-sociedad-laboral-eu\" data-id=\"6395\">\r\n\t\t<div class=\"w-grid-item-h\">\r\n\t\t\t\t\t\t<div class=\"w-post-elm post_image usg_post_image_1 stretched\"><a href=\"https:\/\/asle.es\/eu\/2026\/01\/20\/izar-bezeroek-babestutako-lan-sozietate-baten-bikaintasuna\/\" aria-label=\"IZAR: Bezeroek babestutako Lan-Sozietate baten bikaintasuna\"><img loading=\"lazy\" decoding=\"async\" width=\"1024\" height=\"595\" src=\"https:\/\/asle.es\/wp-content\/uploads\/2026\/01\/foto_gente_plantilla_IZAR_16_06_2025_txiki-1024x595.jpg\" class=\"attachment-large size-large wp-post-image\" alt=\"\" srcset=\"https:\/\/asle.es\/wp-content\/uploads\/2026\/01\/foto_gente_plantilla_IZAR_16_06_2025_txiki-1024x595.jpg 1024w, https:\/\/asle.es\/wp-content\/uploads\/2026\/01\/foto_gente_plantilla_IZAR_16_06_2025_txiki-300x174.jpg 300w, https:\/\/asle.es\/wp-content\/uploads\/2026\/01\/foto_gente_plantilla_IZAR_16_06_2025_txiki.jpg 2033w\" sizes=\"auto, (max-width: 1024px) 100vw, 1024px\" \/><\/a><\/div><div class=\"w-vwrapper usg_vwrapper_1 align_none valign_top\"><h4 class=\"w-post-elm post_title usg_post_title_1 entry-title color_link_inherit\"><a href=\"https:\/\/asle.es\/eu\/2026\/01\/20\/izar-bezeroek-babestutako-lan-sozietate-baten-bikaintasuna\/\">IZAR: Bezeroek babestutako Lan-Sozietate baten bikaintasuna<\/a><\/h4><div class=\"w-hwrapper usg_hwrapper_1 align_left valign_middle\" style=\"--hwrapper-gap:0.6rem\"><div class=\"w-post-elm post_taxonomy usg_post_taxonomy_1 style_badge color_link_inherit\"><a class=\"w-btn us-btn-style_3 term-34 term-albisteak\" href=\"https:\/\/asle.es\/eu\/gatza\/albisteak\/\"><span class=\"w-btn-label\">Albisteak<\/span><\/a><\/div><\/div><time class=\"w-post-elm post_date usg_post_date_1 entry-date published\" datetime=\"2026-01-20T09:42:35+01:00\" title=\"09:42:35 Europe\/Madrid 20 urtarrila 2026\">9:42 20 Urt<\/time><div class=\"w-post-elm post_content usg_post_content_1\">EAEko enpresa-ekosistemaren inguruan, badira inspiratzeko zabaltzea merezi duten lorpenak. Gaur, IZAR CUTTING TOOLS SALen jarri nahi dugu arreta, ebaketa-erreminten fabrikazioan&hellip;<\/div><\/div>\t\t<\/div>\r\n\t\t\t<\/article>\r\n\t<article class=\"w-grid-item size_1x1 post-6358 post type-post status-publish format-standard has-post-thumbnail hentry category-albisteak sailkapena-consolidacion-eu sailkapena-consolidar-eu sailkapena-sociedad-laboral-eu\" data-id=\"6358\">\r\n\t\t<div class=\"w-grid-item-h\">\r\n\t\t\t\t\t\t<div class=\"w-post-elm post_image usg_post_image_1 stretched\"><a href=\"https:\/\/asle.es\/eu\/2026\/01\/15\/kultura-kudeatzea-gaur-biharko-erreleboa-ziurtatzeko\/\" aria-label=\"Kultura kudeatzea gaur, biharko erreleboa ziurtatzeko\"><img loading=\"lazy\" decoding=\"async\" width=\"821\" height=\"551\" src=\"https:\/\/asle.es\/wp-content\/uploads\/2026\/01\/Copia-de-ASLE_LANDARTU.png\" class=\"attachment-large size-large wp-post-image\" alt=\"\" srcset=\"https:\/\/asle.es\/wp-content\/uploads\/2026\/01\/Copia-de-ASLE_LANDARTU.png 821w, https:\/\/asle.es\/wp-content\/uploads\/2026\/01\/Copia-de-ASLE_LANDARTU-300x201.png 300w\" sizes=\"auto, (max-width: 821px) 100vw, 821px\" \/><\/a><\/div><div class=\"w-vwrapper usg_vwrapper_1 align_none valign_top\"><h4 class=\"w-post-elm post_title usg_post_title_1 entry-title color_link_inherit\"><a href=\"https:\/\/asle.es\/eu\/2026\/01\/15\/kultura-kudeatzea-gaur-biharko-erreleboa-ziurtatzeko\/\">Kultura kudeatzea gaur, biharko erreleboa ziurtatzeko<\/a><\/h4><div class=\"w-hwrapper usg_hwrapper_1 align_left valign_middle\" style=\"--hwrapper-gap:0.6rem\"><div class=\"w-post-elm post_taxonomy usg_post_taxonomy_1 style_badge color_link_inherit\"><a class=\"w-btn us-btn-style_3 term-34 term-albisteak\" href=\"https:\/\/asle.es\/eu\/gatza\/albisteak\/\"><span class=\"w-btn-label\">Albisteak<\/span><\/a><\/div><\/div><time class=\"w-post-elm post_date usg_post_date_1 entry-date published\" datetime=\"2026-01-15T09:44:07+01:00\" title=\"09:44:07 Europe\/Madrid 15 urtarrila 2026\">9:44 15 Urt<\/time><div class=\"w-post-elm post_content usg_post_content_1\">Zer gertatzen da zure enpresan inor begira ez dagoenean? Galdera horren erantzuna zure enpresa-kultura da; askotan, ukiezina dela esaten dugu,&hellip;<\/div><\/div>\t\t<\/div>\r\n\t\t\t<\/article>\r\n\t<article class=\"w-grid-item size_1x1 post-6332 post type-post status-publish format-standard has-post-thumbnail hentry category-albisteak sailkapena-economia-social-eu sailkapena-sociedad-laboral-eu\" data-id=\"6332\">\r\n\t\t<div class=\"w-grid-item-h\">\r\n\t\t\t\t\t\t<div class=\"w-post-elm post_image usg_post_image_1 stretched\"><a href=\"https:\/\/asle.es\/eu\/2026\/01\/12\/gatza-183\/\" aria-label=\"183. Gatza\"><img loading=\"lazy\" decoding=\"async\" width=\"821\" height=\"551\" src=\"https:\/\/asle.es\/wp-content\/uploads\/2026\/01\/ASLE_GATZA_183.png\" class=\"attachment-large size-large wp-post-image\" alt=\"\" srcset=\"https:\/\/asle.es\/wp-content\/uploads\/2026\/01\/ASLE_GATZA_183.png 821w, https:\/\/asle.es\/wp-content\/uploads\/2026\/01\/ASLE_GATZA_183-300x201.png 300w\" sizes=\"auto, (max-width: 821px) 100vw, 821px\" \/><\/a><\/div><div class=\"w-vwrapper usg_vwrapper_1 align_none valign_top\"><h4 class=\"w-post-elm post_title usg_post_title_1 entry-title color_link_inherit\"><a href=\"https:\/\/asle.es\/eu\/2026\/01\/12\/gatza-183\/\">183. Gatza<\/a><\/h4><div class=\"w-hwrapper usg_hwrapper_1 align_left valign_middle\" style=\"--hwrapper-gap:0.6rem\"><div class=\"w-post-elm post_taxonomy usg_post_taxonomy_1 style_badge color_link_inherit\"><a class=\"w-btn us-btn-style_3 term-34 term-albisteak\" href=\"https:\/\/asle.es\/eu\/gatza\/albisteak\/\"><span class=\"w-btn-label\">Albisteak<\/span><\/a><\/div><\/div><time class=\"w-post-elm post_date usg_post_date_1 entry-date published\" datetime=\"2026-01-12T15:28:23+01:00\" title=\"15:28:23 Europe\/Madrid 12 urtarrila 2026\">15:28 12 Urt<\/time><div class=\"w-post-elm post_content usg_post_content_1\">183. Gatza:\u00a0Legenda eta Harrobia Gizarte Ekonomiako Txemi Cantera Sariak James Bonham eta Casa Aramendia Ekonomia Sozialeko liderrak izendatu ditu. Gatza&hellip;<\/div><\/div>\t\t<\/div>\r\n\t\t\t<\/article>\r\n\t<article class=\"w-grid-item size_1x1 post-6285 post type-post status-publish format-standard has-post-thumbnail hentry category-albisteak sailkapena-sociedad-laboral-eu\" data-id=\"6285\">\r\n\t\t<div class=\"w-grid-item-h\">\r\n\t\t\t\t\t\t<div class=\"w-post-elm post_image usg_post_image_1 stretched\"><a href=\"https:\/\/asle.es\/eu\/2025\/12\/22\/loroantech-gailendu-da-demo-day-impulsa-startup-2025ean\/\" aria-label=\"Loroantech gailendu da Demo Day Impulsa Startup 2025ean\"><img loading=\"lazy\" decoding=\"async\" width=\"1024\" height=\"768\" src=\"https:\/\/asle.es\/wp-content\/uploads\/2025\/12\/1766415289320-1024x768.jpg\" class=\"attachment-large size-large wp-post-image\" alt=\"\" srcset=\"https:\/\/asle.es\/wp-content\/uploads\/2025\/12\/1766415289320-1024x768.jpg 1024w, https:\/\/asle.es\/wp-content\/uploads\/2025\/12\/1766415289320-300x225.jpg 300w\" sizes=\"auto, (max-width: 1024px) 100vw, 1024px\" \/><\/a><\/div><div class=\"w-vwrapper usg_vwrapper_1 align_none valign_top\"><h4 class=\"w-post-elm post_title usg_post_title_1 entry-title color_link_inherit\"><a href=\"https:\/\/asle.es\/eu\/2025\/12\/22\/loroantech-gailendu-da-demo-day-impulsa-startup-2025ean\/\">Loroantech gailendu da Demo Day Impulsa Startup 2025ean<\/a><\/h4><div class=\"w-hwrapper usg_hwrapper_1 align_left valign_middle\" style=\"--hwrapper-gap:0.6rem\"><div class=\"w-post-elm post_taxonomy usg_post_taxonomy_1 style_badge color_link_inherit\"><a class=\"w-btn us-btn-style_3 term-34 term-albisteak\" href=\"https:\/\/asle.es\/eu\/gatza\/albisteak\/\"><span class=\"w-btn-label\">Albisteak<\/span><\/a><\/div><\/div><time class=\"w-post-elm post_date usg_post_date_1 entry-date published\" datetime=\"2025-12-22T16:10:51+01:00\" title=\"16:10:51 Europe\/Madrid 22 abendua 2025\">2025-12-22<\/time><div class=\"w-post-elm post_content usg_post_content_1\">Loroantech-ek 2. faseko (Despega) lehen saria jaso du Demo Day Impulsa Startup 2025 programan, hazkunde-potentzial handiko proiektu teknologikoak sustatzeko diseinatua.&hellip;<\/div><\/div>\t\t<\/div>\r\n\t\t\t<\/article>\r\n<\/div>\t<div class=\"w-grid-preloader\">\r\n\t\t<div class=\"g-preloader type_1\">\r\n\t\t\t<div><\/div>\r\n\t\t<\/div>\r\n\t<\/div>\r\n\t\t<div class=\"w-grid-json hidden\" onclick='return {&quot;action&quot;:&quot;us_ajax_grid&quot;,&quot;infinite_scroll&quot;:0,&quot;max_num_pages&quot;:3,&quot;pagination&quot;:&quot;none&quot;,&quot;template_vars&quot;:{&quot;columns&quot;:&quot;3&quot;,&quot;exclude_items&quot;:&quot;none&quot;,&quot;img_size&quot;:&quot;default&quot;,&quot;ignore_items_size&quot;:0,&quot;items_layout&quot;:&quot;423&quot;,&quot;items_offset&quot;:&quot;1&quot;,&quot;load_animation&quot;:&quot;none&quot;,&quot;overriding_link&quot;:&quot;%7B%22url%22%3A%22%22%7D&quot;,&quot;post_id&quot;:0,&quot;query_args&quot;:{&quot;post_type&quot;:[&quot;post&quot;],&quot;tax_query&quot;:[{&quot;taxonomy&quot;:&quot;category&quot;,&quot;field&quot;:&quot;slug&quot;,&quot;terms&quot;:[&quot;noticias&quot;]},{&quot;taxonomy&quot;:&quot;sailkapena&quot;,&quot;field&quot;:&quot;slug&quot;,&quot;terms&quot;:[&quot;sociedad-laboral&quot;]}],&quot;post_status&quot;:[&quot;publish&quot;,&quot;acf-disabled&quot;],&quot;posts_per_page&quot;:&quot;10&quot;},&quot;orderby_query_args&quot;:{&quot;orderby&quot;:{&quot;date&quot;:&quot;DESC&quot;}},&quot;type&quot;:&quot;grid&quot;,&quot;us_grid_post_type&quot;:&quot;post&quot;,&quot;us_grid_ajax_index&quot;:1,&quot;us_grid_filter_query_string&quot;:null,&quot;us_grid_index&quot;:1,&quot;page_args&quot;:[],&quot;lang&quot;:&quot;eu&quot;}}'><\/div>\r\n\t<\/div><\/div><\/div><\/div><\/div><\/div><\/section>\n","protected":false},"excerpt":{"rendered":"Loroantech-ek 2. faseko (Despega) lehen saria jaso du Demo Day Impulsa Startup 2025 programan, hazkunde-potentzial handiko proiektu teknologikoak sustatzeko diseinatua. Sari horri esker, merkatuaren egungo erronkei aurre egiteko irtenbide berritzaileak sortzeko bidean goraka doan erreferente bihurtu da enpresa. Nekazaritza-sektoreari aplikatutako teknologia adimenduna Loroantech-en proposamenaren sendotasuna eta izaera berritzailea nabarmendu ditu epaimahaiak, nekazaritza sektorearen digitalizazioa ardatz...","protected":false},"author":8,"featured_media":3630,"comment_status":"closed","ping_status":"open","sticky":false,"template":"","format":"standard","meta":{"_acf_changed":false,"footnotes":""},"categories":[34,33],"tags":[],"sailkapena":[50,52,53],"class_list":["post-3636","post","type-post","status-publish","format-standard","has-post-thumbnail","hentry","category-albisteak","category-gaurkotasuna","sailkapena-economia-social-eu","sailkapena-sociedad-laboral-eu","sailkapena-transformar-eu"],"acf":[],"yoast_head":"<!-- This site is optimized with the Yoast SEO plugin v27.3 - https:\/\/yoast.com\/product\/yoast-seo-wordpress\/ -->\n<title>EAEko Gizarte Ekonomia hazten ari da<\/title>\n<meta name=\"description\" content=\"Ikusi nola hazi zen Euskal Herriko ekonomia soziala enpleguan 2022an, okupazio orokorra gaindituz\" \/>\n<meta name=\"robots\" content=\"index, follow, max-snippet:-1, max-image-preview:large, max-video-preview:-1\" \/>\n<link rel=\"canonical\" href=\"https:\/\/asle.es\/eu\/2024\/07\/24\/eaeko-gizarte-ekonomia-hazten-ari-da\/\" \/>\n<meta property=\"og:locale\" content=\"en_US\" \/>\n<meta property=\"og:type\" content=\"article\" \/>\n<meta property=\"og:title\" content=\"EAEko Gizarte Ekonomia hazten ari da\" \/>\n<meta property=\"og:description\" content=\"Ikusi nola hazi zen Euskal Herriko ekonomia soziala enpleguan 2022an, okupazio orokorra gaindituz\" \/>\n<meta property=\"og:url\" content=\"https:\/\/asle.es\/eu\/2024\/07\/24\/eaeko-gizarte-ekonomia-hazten-ari-da\/\" \/>\n<meta property=\"og:site_name\" content=\"Asle\" \/>\n<meta property=\"article:publisher\" content=\"https:\/\/www.facebook.com\/ASLESociedadesLaborales\/?locale=es_LA\" \/>\n<meta property=\"article:published_time\" content=\"2024-07-24T08:57:37+00:00\" \/>\n<meta property=\"article:modified_time\" content=\"2024-07-24T08:58:02+00:00\" \/>\n<meta property=\"og:image\" content=\"https:\/\/asle.es\/wp-content\/uploads\/2024\/07\/ASLE_Eusko_Jaurlaritza_Gizarte_Ekonomia.png\" \/>\n\t<meta property=\"og:image:width\" content=\"821\" \/>\n\t<meta property=\"og:image:height\" content=\"551\" \/>\n\t<meta property=\"og:image:type\" content=\"image\/png\" \/>\n<meta name=\"author\" content=\"Asle\" \/>\n<meta name=\"twitter:card\" content=\"summary_large_image\" \/>\n<meta name=\"twitter:creator\" content=\"@asle_eus\" \/>\n<meta name=\"twitter:site\" content=\"@asle_eus\" \/>\n<meta name=\"twitter:label1\" content=\"Written by\" \/>\n\t<meta name=\"twitter:data1\" content=\"Asle\" \/>\n\t<meta name=\"twitter:label2\" content=\"Est. reading time\" \/>\n\t<meta name=\"twitter:data2\" content=\"2 minutua\" \/>\n<script type=\"application\/ld+json\" class=\"yoast-schema-graph\">{\"@context\":\"https:\\\/\\\/schema.org\",\"@graph\":[{\"@type\":\"Article\",\"@id\":\"https:\\\/\\\/asle.es\\\/eu\\\/2024\\\/07\\\/24\\\/eaeko-gizarte-ekonomia-hazten-ari-da\\\/#article\",\"isPartOf\":{\"@id\":\"https:\\\/\\\/asle.es\\\/eu\\\/2024\\\/07\\\/24\\\/eaeko-gizarte-ekonomia-hazten-ari-da\\\/\"},\"author\":{\"name\":\"Asle\",\"@id\":\"https:\\\/\\\/asle.es\\\/#\\\/schema\\\/person\\\/ec32458fa19c41ab1cbb99bb84bb5aa8\"},\"headline\":\"EAEko Gizarte Ekonomia hazten ari da\",\"datePublished\":\"2024-07-24T08:57:37+00:00\",\"dateModified\":\"2024-07-24T08:58:02+00:00\",\"mainEntityOfPage\":{\"@id\":\"https:\\\/\\\/asle.es\\\/eu\\\/2024\\\/07\\\/24\\\/eaeko-gizarte-ekonomia-hazten-ari-da\\\/\"},\"wordCount\":358,\"publisher\":{\"@id\":\"https:\\\/\\\/asle.es\\\/#organization\"},\"image\":{\"@id\":\"https:\\\/\\\/asle.es\\\/eu\\\/2024\\\/07\\\/24\\\/eaeko-gizarte-ekonomia-hazten-ari-da\\\/#primaryimage\"},\"thumbnailUrl\":\"https:\\\/\\\/asle.es\\\/wp-content\\\/uploads\\\/2024\\\/07\\\/ASLE_Eusko_Jaurlaritza_Gizarte_Ekonomia.png\",\"articleSection\":[\"Albisteak\",\"Gaurkotasuna\"],\"inLanguage\":\"eu\"},{\"@type\":\"WebPage\",\"@id\":\"https:\\\/\\\/asle.es\\\/eu\\\/2024\\\/07\\\/24\\\/eaeko-gizarte-ekonomia-hazten-ari-da\\\/\",\"url\":\"https:\\\/\\\/asle.es\\\/eu\\\/2024\\\/07\\\/24\\\/eaeko-gizarte-ekonomia-hazten-ari-da\\\/\",\"name\":\"EAEko Gizarte Ekonomia hazten ari da\",\"isPartOf\":{\"@id\":\"https:\\\/\\\/asle.es\\\/#website\"},\"primaryImageOfPage\":{\"@id\":\"https:\\\/\\\/asle.es\\\/eu\\\/2024\\\/07\\\/24\\\/eaeko-gizarte-ekonomia-hazten-ari-da\\\/#primaryimage\"},\"image\":{\"@id\":\"https:\\\/\\\/asle.es\\\/eu\\\/2024\\\/07\\\/24\\\/eaeko-gizarte-ekonomia-hazten-ari-da\\\/#primaryimage\"},\"thumbnailUrl\":\"https:\\\/\\\/asle.es\\\/wp-content\\\/uploads\\\/2024\\\/07\\\/ASLE_Eusko_Jaurlaritza_Gizarte_Ekonomia.png\",\"datePublished\":\"2024-07-24T08:57:37+00:00\",\"dateModified\":\"2024-07-24T08:58:02+00:00\",\"description\":\"Ikusi nola hazi zen Euskal Herriko ekonomia soziala enpleguan 2022an, okupazio orokorra gaindituz\",\"breadcrumb\":{\"@id\":\"https:\\\/\\\/asle.es\\\/eu\\\/2024\\\/07\\\/24\\\/eaeko-gizarte-ekonomia-hazten-ari-da\\\/#breadcrumb\"},\"inLanguage\":\"eu\",\"potentialAction\":[{\"@type\":\"ReadAction\",\"target\":[\"https:\\\/\\\/asle.es\\\/eu\\\/2024\\\/07\\\/24\\\/eaeko-gizarte-ekonomia-hazten-ari-da\\\/\"]}]},{\"@type\":\"ImageObject\",\"inLanguage\":\"eu\",\"@id\":\"https:\\\/\\\/asle.es\\\/eu\\\/2024\\\/07\\\/24\\\/eaeko-gizarte-ekonomia-hazten-ari-da\\\/#primaryimage\",\"url\":\"https:\\\/\\\/asle.es\\\/wp-content\\\/uploads\\\/2024\\\/07\\\/ASLE_Eusko_Jaurlaritza_Gizarte_Ekonomia.png\",\"contentUrl\":\"https:\\\/\\\/asle.es\\\/wp-content\\\/uploads\\\/2024\\\/07\\\/ASLE_Eusko_Jaurlaritza_Gizarte_Ekonomia.png\",\"width\":821,\"height\":551,\"caption\":\"Imagen del encuentro celebrado en Vitoria, la viceconsejera de Trabajo y Seguridad Social, Elena P\u00e9rez Barredo, y el director de Econom\u00eda Social, Jokin Diaz Arsuaga, han presentado los resultados de la estad\u00edstica de la Econom\u00eda Social correspondiente al a\u00f1o 2022.\"},{\"@type\":\"BreadcrumbList\",\"@id\":\"https:\\\/\\\/asle.es\\\/eu\\\/2024\\\/07\\\/24\\\/eaeko-gizarte-ekonomia-hazten-ari-da\\\/#breadcrumb\",\"itemListElement\":[{\"@type\":\"ListItem\",\"position\":1,\"name\":\"Portada\",\"item\":\"https:\\\/\\\/asle.es\\\/eu\\\/\"},{\"@type\":\"ListItem\",\"position\":2,\"name\":\"EAEko Gizarte Ekonomia hazten ari da\"}]},{\"@type\":\"WebSite\",\"@id\":\"https:\\\/\\\/asle.es\\\/#website\",\"url\":\"https:\\\/\\\/asle.es\\\/\",\"name\":\"Asle &#8211; Parte-hartze handiagoa, etorkizun handiagoa\",\"description\":\"Parte-hartze handiagoa, etorkizun handiagoa\",\"publisher\":{\"@id\":\"https:\\\/\\\/asle.es\\\/#organization\"},\"potentialAction\":[{\"@type\":\"SearchAction\",\"target\":{\"@type\":\"EntryPoint\",\"urlTemplate\":\"https:\\\/\\\/asle.es\\\/?s={search_term_string}\"},\"query-input\":{\"@type\":\"PropertyValueSpecification\",\"valueRequired\":true,\"valueName\":\"search_term_string\"}}],\"inLanguage\":\"eu\"},{\"@type\":\"Organization\",\"@id\":\"https:\\\/\\\/asle.es\\\/#organization\",\"name\":\"Asle &#8211; Parte-hartze handiagoa, etorkizun handiagoa\",\"url\":\"https:\\\/\\\/asle.es\\\/\",\"logo\":{\"@type\":\"ImageObject\",\"inLanguage\":\"eu\",\"@id\":\"https:\\\/\\\/asle.es\\\/#\\\/schema\\\/logo\\\/image\\\/\",\"url\":\"https:\\\/\\\/asle.es\\\/wp-content\\\/uploads\\\/2019\\\/12\\\/01-logo-asle-2.png\",\"contentUrl\":\"https:\\\/\\\/asle.es\\\/wp-content\\\/uploads\\\/2019\\\/12\\\/01-logo-asle-2.png\",\"width\":2437,\"height\":1084,\"caption\":\"Asle &#8211; Parte-hartze handiagoa, etorkizun handiagoa\"},\"image\":{\"@id\":\"https:\\\/\\\/asle.es\\\/#\\\/schema\\\/logo\\\/image\\\/\"},\"sameAs\":[\"https:\\\/\\\/www.facebook.com\\\/ASLESociedadesLaborales\\\/?locale=es_LA\",\"https:\\\/\\\/x.com\\\/asle_eus\"]},{\"@type\":\"Person\",\"@id\":\"https:\\\/\\\/asle.es\\\/#\\\/schema\\\/person\\\/ec32458fa19c41ab1cbb99bb84bb5aa8\",\"name\":\"Asle\",\"image\":{\"@type\":\"ImageObject\",\"inLanguage\":\"eu\",\"@id\":\"https:\\\/\\\/secure.gravatar.com\\\/avatar\\\/c85b17335e11bca1261ba6f5dde6ca55a37ed0d068f9725b53a16509fe878364?s=96&d=mm&r=g\",\"url\":\"https:\\\/\\\/secure.gravatar.com\\\/avatar\\\/c85b17335e11bca1261ba6f5dde6ca55a37ed0d068f9725b53a16509fe878364?s=96&d=mm&r=g\",\"contentUrl\":\"https:\\\/\\\/secure.gravatar.com\\\/avatar\\\/c85b17335e11bca1261ba6f5dde6ca55a37ed0d068f9725b53a16509fe878364?s=96&d=mm&r=g\",\"caption\":\"Asle\"},\"url\":\"https:\\\/\\\/asle.es\\\/eu\\\/author\\\/asle\\\/\"}]}<\/script>\n<!-- \/ Yoast SEO plugin. -->","yoast_head_json":{"title":"EAEko Gizarte Ekonomia hazten ari da","description":"Ikusi nola hazi zen Euskal Herriko ekonomia soziala enpleguan 2022an, okupazio orokorra gaindituz","robots":{"index":"index","follow":"follow","max-snippet":"max-snippet:-1","max-image-preview":"max-image-preview:large","max-video-preview":"max-video-preview:-1"},"canonical":"https:\/\/asle.es\/eu\/2024\/07\/24\/eaeko-gizarte-ekonomia-hazten-ari-da\/","og_locale":"en_US","og_type":"article","og_title":"EAEko Gizarte Ekonomia hazten ari da","og_description":"Ikusi nola hazi zen Euskal Herriko ekonomia soziala enpleguan 2022an, okupazio orokorra gaindituz","og_url":"https:\/\/asle.es\/eu\/2024\/07\/24\/eaeko-gizarte-ekonomia-hazten-ari-da\/","og_site_name":"Asle","article_publisher":"https:\/\/www.facebook.com\/ASLESociedadesLaborales\/?locale=es_LA","article_published_time":"2024-07-24T08:57:37+00:00","article_modified_time":"2024-07-24T08:58:02+00:00","og_image":[{"width":821,"height":551,"url":"https:\/\/asle.es\/wp-content\/uploads\/2024\/07\/ASLE_Eusko_Jaurlaritza_Gizarte_Ekonomia.png","type":"image\/png"}],"author":"Asle","twitter_card":"summary_large_image","twitter_creator":"@asle_eus","twitter_site":"@asle_eus","twitter_misc":{"Written by":"Asle","Est. reading time":"2 minutua"},"schema":{"@context":"https:\/\/schema.org","@graph":[{"@type":"Article","@id":"https:\/\/asle.es\/eu\/2024\/07\/24\/eaeko-gizarte-ekonomia-hazten-ari-da\/#article","isPartOf":{"@id":"https:\/\/asle.es\/eu\/2024\/07\/24\/eaeko-gizarte-ekonomia-hazten-ari-da\/"},"author":{"name":"Asle","@id":"https:\/\/asle.es\/#\/schema\/person\/ec32458fa19c41ab1cbb99bb84bb5aa8"},"headline":"EAEko Gizarte Ekonomia hazten ari da","datePublished":"2024-07-24T08:57:37+00:00","dateModified":"2024-07-24T08:58:02+00:00","mainEntityOfPage":{"@id":"https:\/\/asle.es\/eu\/2024\/07\/24\/eaeko-gizarte-ekonomia-hazten-ari-da\/"},"wordCount":358,"publisher":{"@id":"https:\/\/asle.es\/#organization"},"image":{"@id":"https:\/\/asle.es\/eu\/2024\/07\/24\/eaeko-gizarte-ekonomia-hazten-ari-da\/#primaryimage"},"thumbnailUrl":"https:\/\/asle.es\/wp-content\/uploads\/2024\/07\/ASLE_Eusko_Jaurlaritza_Gizarte_Ekonomia.png","articleSection":["Albisteak","Gaurkotasuna"],"inLanguage":"eu"},{"@type":"WebPage","@id":"https:\/\/asle.es\/eu\/2024\/07\/24\/eaeko-gizarte-ekonomia-hazten-ari-da\/","url":"https:\/\/asle.es\/eu\/2024\/07\/24\/eaeko-gizarte-ekonomia-hazten-ari-da\/","name":"EAEko Gizarte Ekonomia hazten ari da","isPartOf":{"@id":"https:\/\/asle.es\/#website"},"primaryImageOfPage":{"@id":"https:\/\/asle.es\/eu\/2024\/07\/24\/eaeko-gizarte-ekonomia-hazten-ari-da\/#primaryimage"},"image":{"@id":"https:\/\/asle.es\/eu\/2024\/07\/24\/eaeko-gizarte-ekonomia-hazten-ari-da\/#primaryimage"},"thumbnailUrl":"https:\/\/asle.es\/wp-content\/uploads\/2024\/07\/ASLE_Eusko_Jaurlaritza_Gizarte_Ekonomia.png","datePublished":"2024-07-24T08:57:37+00:00","dateModified":"2024-07-24T08:58:02+00:00","description":"Ikusi nola hazi zen Euskal Herriko ekonomia soziala enpleguan 2022an, okupazio orokorra gaindituz","breadcrumb":{"@id":"https:\/\/asle.es\/eu\/2024\/07\/24\/eaeko-gizarte-ekonomia-hazten-ari-da\/#breadcrumb"},"inLanguage":"eu","potentialAction":[{"@type":"ReadAction","target":["https:\/\/asle.es\/eu\/2024\/07\/24\/eaeko-gizarte-ekonomia-hazten-ari-da\/"]}]},{"@type":"ImageObject","inLanguage":"eu","@id":"https:\/\/asle.es\/eu\/2024\/07\/24\/eaeko-gizarte-ekonomia-hazten-ari-da\/#primaryimage","url":"https:\/\/asle.es\/wp-content\/uploads\/2024\/07\/ASLE_Eusko_Jaurlaritza_Gizarte_Ekonomia.png","contentUrl":"https:\/\/asle.es\/wp-content\/uploads\/2024\/07\/ASLE_Eusko_Jaurlaritza_Gizarte_Ekonomia.png","width":821,"height":551,"caption":"Imagen del encuentro celebrado en Vitoria, la viceconsejera de Trabajo y Seguridad Social, Elena P\u00e9rez Barredo, y el director de Econom\u00eda Social, Jokin Diaz Arsuaga, han presentado los resultados de la estad\u00edstica de la Econom\u00eda Social correspondiente al a\u00f1o 2022."},{"@type":"BreadcrumbList","@id":"https:\/\/asle.es\/eu\/2024\/07\/24\/eaeko-gizarte-ekonomia-hazten-ari-da\/#breadcrumb","itemListElement":[{"@type":"ListItem","position":1,"name":"Portada","item":"https:\/\/asle.es\/eu\/"},{"@type":"ListItem","position":2,"name":"EAEko Gizarte Ekonomia hazten ari da"}]},{"@type":"WebSite","@id":"https:\/\/asle.es\/#website","url":"https:\/\/asle.es\/","name":"Asle &#8211; Parte-hartze handiagoa, etorkizun handiagoa","description":"Parte-hartze handiagoa, etorkizun handiagoa","publisher":{"@id":"https:\/\/asle.es\/#organization"},"potentialAction":[{"@type":"SearchAction","target":{"@type":"EntryPoint","urlTemplate":"https:\/\/asle.es\/?s={search_term_string}"},"query-input":{"@type":"PropertyValueSpecification","valueRequired":true,"valueName":"search_term_string"}}],"inLanguage":"eu"},{"@type":"Organization","@id":"https:\/\/asle.es\/#organization","name":"Asle &#8211; Parte-hartze handiagoa, etorkizun handiagoa","url":"https:\/\/asle.es\/","logo":{"@type":"ImageObject","inLanguage":"eu","@id":"https:\/\/asle.es\/#\/schema\/logo\/image\/","url":"https:\/\/asle.es\/wp-content\/uploads\/2019\/12\/01-logo-asle-2.png","contentUrl":"https:\/\/asle.es\/wp-content\/uploads\/2019\/12\/01-logo-asle-2.png","width":2437,"height":1084,"caption":"Asle &#8211; Parte-hartze handiagoa, etorkizun handiagoa"},"image":{"@id":"https:\/\/asle.es\/#\/schema\/logo\/image\/"},"sameAs":["https:\/\/www.facebook.com\/ASLESociedadesLaborales\/?locale=es_LA","https:\/\/x.com\/asle_eus"]},{"@type":"Person","@id":"https:\/\/asle.es\/#\/schema\/person\/ec32458fa19c41ab1cbb99bb84bb5aa8","name":"Asle","image":{"@type":"ImageObject","inLanguage":"eu","@id":"https:\/\/secure.gravatar.com\/avatar\/c85b17335e11bca1261ba6f5dde6ca55a37ed0d068f9725b53a16509fe878364?s=96&d=mm&r=g","url":"https:\/\/secure.gravatar.com\/avatar\/c85b17335e11bca1261ba6f5dde6ca55a37ed0d068f9725b53a16509fe878364?s=96&d=mm&r=g","contentUrl":"https:\/\/secure.gravatar.com\/avatar\/c85b17335e11bca1261ba6f5dde6ca55a37ed0d068f9725b53a16509fe878364?s=96&d=mm&r=g","caption":"Asle"},"url":"https:\/\/asle.es\/eu\/author\/asle\/"}]}},"_links":{"self":[{"href":"https:\/\/asle.es\/eu\/wp-json\/wp\/v2\/posts\/3636","targetHints":{"allow":["GET"]}}],"collection":[{"href":"https:\/\/asle.es\/eu\/wp-json\/wp\/v2\/posts"}],"about":[{"href":"https:\/\/asle.es\/eu\/wp-json\/wp\/v2\/types\/post"}],"author":[{"embeddable":true,"href":"https:\/\/asle.es\/eu\/wp-json\/wp\/v2\/users\/8"}],"replies":[{"embeddable":true,"href":"https:\/\/asle.es\/eu\/wp-json\/wp\/v2\/comments?post=3636"}],"version-history":[{"count":1,"href":"https:\/\/asle.es\/eu\/wp-json\/wp\/v2\/posts\/3636\/revisions"}],"predecessor-version":[{"id":3637,"href":"https:\/\/asle.es\/eu\/wp-json\/wp\/v2\/posts\/3636\/revisions\/3637"}],"wp:featuredmedia":[{"embeddable":true,"href":"https:\/\/asle.es\/eu\/wp-json\/wp\/v2\/media\/3630"}],"wp:attachment":[{"href":"https:\/\/asle.es\/eu\/wp-json\/wp\/v2\/media?parent=3636"}],"wp:term":[{"taxonomy":"category","embeddable":true,"href":"https:\/\/asle.es\/eu\/wp-json\/wp\/v2\/categories?post=3636"},{"taxonomy":"post_tag","embeddable":true,"href":"https:\/\/asle.es\/eu\/wp-json\/wp\/v2\/tags?post=3636"},{"taxonomy":"sailkapena","embeddable":true,"href":"https:\/\/asle.es\/eu\/wp-json\/wp\/v2\/sailkapena?post=3636"}],"curies":[{"name":"wp","href":"https:\/\/api.w.org\/{rel}","templated":true}]}}