{"id":6697,"date":"2026-03-11T10:11:32","date_gmt":"2026-03-11T09:11:32","guid":{"rendered":"https:\/\/asle.es\/?p=6697"},"modified":"2026-03-11T10:12:57","modified_gmt":"2026-03-11T09:12:57","slug":"segimendu-ekonomiko-eta-finantzario-on-baterako-gakoak","status":"publish","type":"post","link":"https:\/\/asle.es\/eu\/2026\/03\/11\/segimendu-ekonomiko-eta-finantzario-on-baterako-gakoak\/","title":{"rendered":"Segimendu ekonomiko eta finantzario on baterako gakoak"},"content":{"rendered":"<section class=\"l-section wpb_row height_small\"><div class=\"l-section-h i-cf\"><div class=\"g-cols vc_row via_flex valign_top type_default stacking_default\"><div class=\"vc_col-sm-12 wpb_column vc_column_container\"><div class=\"vc_column-inner\"><div class=\"wpb_wrapper\"><div class=\"w-image align_none\"><div class=\"w-image-h\"><img decoding=\"async\" width=\"1320\" height=\"496\" src=\"https:\/\/asle.es\/wp-content\/uploads\/2026\/03\/ASLE_CLAVES_ECONOMICO_FINANCIERO-1-1.png\" class=\"attachment-full size-full\" alt=\"\" loading=\"lazy\" srcset=\"https:\/\/asle.es\/wp-content\/uploads\/2026\/03\/ASLE_CLAVES_ECONOMICO_FINANCIERO-1-1.png 1320w, https:\/\/asle.es\/wp-content\/uploads\/2026\/03\/ASLE_CLAVES_ECONOMICO_FINANCIERO-1-1-300x113.png 300w, https:\/\/asle.es\/wp-content\/uploads\/2026\/03\/ASLE_CLAVES_ECONOMICO_FINANCIERO-1-1-1024x385.png 1024w\" sizes=\"auto, (max-width: 1320px) 100vw, 1320px\" \/><\/div><\/div><div class=\"w-separator size_medium\"><\/div><div class=\"wpb_text_column\"><div class=\"wpb_wrapper\"><div>\n<p>ETE batean jarraipen ekonomiko-finantzarioa egitea ez da soilik zergak ordaintzeko &#8220;paperak egunean eramatea&#8221;; kontua da iparrorratz bat izatea <strong>likidezia faltaren<\/strong> arazo larriaren aurka ez jotzeko.<\/p>\n<p>Hona hemen benetan balioa emango duen segimendu ekonomiko-finantzariorako giltzarri nagusietako batzuk:<\/p>\n<ol>\n<li>\n<h2>Sarrera eta Gastuen Aurrekontua: Zure Ibilbide Orria<\/h2>\n<\/li>\n<\/ol>\n<div><span id=\"tgt_sent_0\"><span class=\"interactive\">Ezin<\/span><span>\u00a0<\/span><span class=\"interactive\">da<\/span><span>\u00a0<\/span><span class=\"interactive\">jakin<\/span><span>\u00a0<\/span><span class=\"interactive\">bide<\/span><span>\u00a0<\/span><span class=\"interactive\">onetik<\/span><span>\u00a0<\/span><span class=\"interactive\">ote<\/span><span>\u00a0<\/span><span class=\"interactive\">doan,<\/span><span>\u00a0<\/span><span class=\"interactive\">helmuga<\/span><span>\u00a0<\/span><span class=\"interactive\">markaturik<\/span><span>\u00a0<\/span><span class=\"interactive\">ez<\/span><span>\u00a0<\/span><span class=\"interactive\">ote<\/span><span>\u00a0<\/span><span class=\"interactive\">dagoen.<\/span><\/span><span>\u00a0<\/span><span id=\"tgt_sent_1\"><span class=\"interactive\">Aurrekontua<\/span><span>\u00a0<\/span><span class=\"interactive\">da<\/span><span>\u00a0<\/span><span class=\"interactive\">guztiaren<\/span><span>\u00a0<\/span><span class=\"interactive\">oinarria.<\/span><\/span><\/div>\n<div><\/div>\n<div><span id=\"tgt_sent_2\"><span class=\"interactive\">Urteko<\/span><span>\u00a0<\/span><span class=\"interactive\">aurrekontua<\/span><span>\u00a0<\/span><span class=\"interactive\">hilabeteka<\/span><span>\u00a0<\/span><span class=\"interactive\">banakatuta,<\/span><span>\u00a0<\/span><strong><span class=\"interactive\">errealitatea<\/span>\u00a0<span class=\"interactive\">eta<\/span>\u00a0<span class=\"interactive\">aurreikuspena<\/span><\/strong><span>\u00a0<\/span><span class=\"interactive\">alderatu<\/span><span>\u00a0<\/span><span class=\"interactive\">ahal<\/span><span>\u00a0<\/span><span class=\"interactive\">izango<\/span><span>\u00a0<\/span><span class=\"interactive\">dira.<\/span><\/span><\/div>\n<div><\/div>\n<ul>\n<li><strong>Plangintza errealista:<\/strong> Diru-sarrerak ez dira &#8220;nahietan&#8221; oinarritu behar, datu historikoetan eta merkatuaren benetako proiekzioetan baizik.<\/li>\n<li><strong>Desbideraketen analisia:<\/strong> Hornikuntzetan %20 gehiago gastatzen bada, jakin behar da zergatik orain, eta ez urtearen itxieran.<\/li>\n<\/ul>\n<\/div>\n<div><\/div>\n<div><\/div>\n<\/div><\/div><div class=\"w-separator size_medium\"><\/div><div class=\"wpb_text_column\"><div class=\"wpb_wrapper\"><div>\n<ol start=\"2\">\n<li>\n<h2>Kutxako fluxuaren (edo cash flowaren) kontrola<\/h2>\n<\/li>\n<\/ol>\n<p>Enpresa batek irabaziak izan ditzake, eta, hala ere, <strong>porrot egin dezake likidezia faltagatik.<\/strong><\/p>\n<p>Irabazia iritzi edo erreferentzia bat da;<strong> efektiboa egitate<\/strong> bat da.<\/p>\n<ul>\n<li><strong>Altxortegi aurreikuspenak:<\/strong> Noiz kobratuko den eta noiz ordainduko den aurreratu behar da.<\/li>\n<li><strong>Kobrantzen kudeaketa<\/strong>: Ez da utzi behar ordaintzeke dauden fakturak pilatzen. Stockean dagoen dirua, garapen-bidean dagoen produktua edo bezeroarena, ez du nominarik ordaintzen.<\/li>\n<\/ul>\n<\/div>\n<div><\/div>\n<div><\/div>\n<\/div><\/div><div class=\"w-separator size_medium\"><\/div><div class=\"wpb_text_column\"><div class=\"wpb_wrapper\"><div>\n<ol start=\"3\">\n<li>\n<h2>Ez galtzeko adierazle nagusiak<\/h2>\n<\/li>\n<\/ol>\n<p>Ez da dena neurtzen saiatu behar. Zure negozioari benetan eragiten dion horretan jarri behar da arreta. Hona hemen funtsezko batzuk:<\/p>\n<table>\n<thead>\n<tr>\n<td><strong><em>Adierazlea<\/em><\/strong><\/td>\n<td><em><strong>Zer esan nahi du?<\/strong><\/em><\/td>\n<\/tr>\n<\/thead>\n<tbody>\n<tr>\n<td><strong>Marjina gordina<\/strong><\/td>\n<td>Zenbat diru geratzen den zuzeneko salmenta kostuen ondoren. Marjina hori jaisten bada, &#8220;merke&#8221; saltzen ari zara.<\/td>\n<\/tr>\n<tr>\n<td><strong>Oreka puntua<\/strong><\/td>\n<td>Zenbat saldu behar duzun dirurik ez galtzeko.<\/td>\n<\/tr>\n<tr>\n<td><strong>Likidezia ratioa: Maniobra fondoa<\/strong><\/td>\n<td>Epe laburreko zorrak ordaintzeko gaitasuna: Aktibo zirkulatzailea \/ Pasibo zirkulatzailea<\/td>\n<\/tr>\n<\/tbody>\n<\/table>\n<\/div>\n<div><\/div>\n<div><\/div>\n<\/div><\/div><div class=\"w-separator size_medium\"><\/div><div class=\"wpb_text_column\"><div class=\"wpb_wrapper\"><ol start=\"4\">\n<li>\n<h2>Hiru Finantza Egoeren Araua<\/h2>\n<\/li>\n<\/ol>\n<p>Argazkia osorik izateko, <strong>hiru dokumentu hauek behin eta berriz gurutzatu<\/strong> behar dira (hilean behin edo hiru hilean behin):<\/p>\n<ol>\n<li><strong>Galera-Irabazien Kontua (PyG):<\/strong> Dirua irabazi ala galdu?<\/li>\n<li><strong>Egoeraren balantzea:<\/strong> Zer daukat eta zer zor dut?<\/li>\n<li><strong>Diru-fluxuen egoera:<\/strong> Nondik dator dirua eta nora doa?<\/li>\n<\/ol>\n<p>PyGk irabaziak dituzula esaten badu, baina zure <strong>banku-kontua gorriz<\/strong> badago, ziurrenik <strong>zirkulatzailea kudeatzeko<\/strong> arazo bat izango duzu eta zure jarduera zentratu beharko duzu:<\/p>\n<table width=\"586\">\n<tbody>\n<tr>\n<td><span><strong>Kobratzeko batez besteko epea (KBE):<\/strong><\/span><\/td>\n<td>Ahalik eta gehien murrizten saiatu.<\/td>\n<\/tr>\n<tr>\n<td><strong>Ordaintzeko batez besteko epea (OBE):<\/strong><\/td>\n<td>Hornitzaileekin negoziatzen du, baina harremana kaltetu gabe. Hemen orekak sortzen du finantza-&#8220;koltxoia&#8221;.<\/td>\n<\/tr>\n<\/tbody>\n<\/table>\n<\/div><\/div><div class=\"w-separator size_medium\"><\/div><div class=\"wpb_text_column\"><div class=\"wpb_wrapper\"><ol start=\"5\">\n<li>\n<h2>Automatizazioa eta digitalizazioa<\/h2>\n<\/li>\n<\/ol>\n<p>Excel infinitu batean datuak eskuz sartzen jarraitzen baduzu, berandu zabiltza.<\/p>\n<ul>\n<li><strong>ERP\/Kudeaketarako softwarea:<\/strong> Informazioa zentralizatzen du denbora errealean izan dadin.<\/li>\n<li><strong>Grafiko bisualak:<\/strong> Zenbakiak grafiko bihurtzen ditu. Giza garunak 500 lerroko taula batek baino askoz azkarrago prozesatzen du ikusmen-joera.<\/li>\n<\/ul>\n<\/div><\/div><div class=\"w-separator size_medium\"><\/div><div class=\"wpb_text_column\"><div class=\"wpb_wrapper\"><ol start=\"6\">\n<li>\n<h2>Berrikuspena eta erabakiak hartzea<\/h2>\n<\/li>\n<\/ol>\n<p>Zure kudeatzaileak hurrengo urteko martxoan urtea nolakoa izan zen esan arte itxaroten baduzu, agian beranduegi da norabidea zuzentzeko.<\/p>\n<p>Jarraipenak <strong>tresna estrategikoa<\/strong> izan behar du, eta hilero berrikusi behar da:<\/p>\n<ul>\n<li>Hilero berrikusteko errutina ezartzen du.<\/li>\n<li>Galdetu beti zeure buruari: <em>&#8220;Zer erabaki hartuko dut datu honekin?&#8221;<\/em>. Datuak ez bazaitu ekintza batera eramaten, agian ez da hain garrantzitsua.<\/li>\n<li><strong>Eguneroko banku-kontziliazioa:<\/strong> Zure benetako posizioa egunero 5 minututan ikusteko aukera ematen dizu.<\/li>\n<\/ul>\n<\/div><\/div><div class=\"w-separator size_large\"><\/div><div class=\"w-actionbox color_primary controls_right\"><div class=\"w-actionbox-text\"><h2 class=\"w-actionbox-title\">Hasi nahi duzu?<\/h2><div class=\"w-actionbox-description\"><p>Jarri harremanetan gure taldearekin eta lagunduko dizugu.<\/p>\n<\/div><\/div><div class=\"w-actionbox-controls\"><a class=\"w-btn us-btn-style_1\" href=\"https:\/\/asle.es\/somos-asle\/contacto\/\"><span class=\"w-btn-label\">Kontaktua<\/span><\/a><\/div><\/div><div class=\"w-separator size_medium\"><\/div><div class=\"wpb_text_column\"><div class=\"wpb_wrapper\"><div class=\"wpb_text_column\">\n<div class=\"wpb_wrapper\">\n<p><span><a href=\"https:\/\/asle.es\/en\/proiektua\/landartu\/\" target=\"_blank\" rel=\"noopener\">Landartu (Indartzea eta Sendotzea)<\/a> ASLEren proiektua da, CEPESek (Gizarte Ekonomiaren Espainiako Enpresa Konfederazioa) eta Europar Batasunak Plus Europako Gizarte Funtsaren (FSE+) bidez sustatu eta finantzatua, eta \u201cGizarte-ekonomiako erakunde eta enpresen hazkundea, indartzea eta sendotzea\u201d du helburu.<\/span><\/p>\n<\/div>\n<\/div>\n<\/div><\/div><\/div><\/div><\/div><\/div><\/div><\/section><section class=\"l-section wpb_row height_small\"><div class=\"l-section-h i-cf\"><div class=\"g-cols vc_row via_flex valign_top type_default stacking_default\"><div class=\"vc_col-sm-12 wpb_column vc_column_container\"><div class=\"vc_column-inner\"><div class=\"wpb_wrapper\"><div class=\"wpb_text_column\"><div class=\"wpb_wrapper\"><p><strong>Agian zuri ere interesatuko zaizu&#8230;<\/strong><\/p>\n<\/div><\/div><div class=\"w-separator size_small\"><\/div><div class=\"w-grid us_grid type_grid layout_423 cols_3 overflow_hidden preload_style_spinner\" id=\"us_grid_1\" style=\"--columns:3;--gap:1.5rem;\" data-filterable=\"true\"><style>@media (max-width:1024px){#us_grid_1{--columns:2!important}}@media (max-width:600px){#us_grid_1{--columns:1!important}}.layout_423 .w-grid-item-h{background:#ffffff;color:var(--color-content-text);border-radius:0rem;box-shadow:0 0.03rem 0.06rem rgba(0,0,0,0.1),0 0.1rem 0.3rem rgba(0,0,0,0.1);transition-duration:0.3s}.no-touch .layout_423 .w-grid-item-h:hover{box-shadow:0 0.1rem 0.2rem rgba(0,0,0,0.1),0 0.33rem 1rem rgba(0,0,0,0.15);z-index:4}.layout_423 .usg_post_title_1{font-size:1.4rem!important;font-weight:700!important}.layout_423 .usg_vwrapper_1{padding:9% 11% 11% 11%!important}.layout_423 .usg_post_date_1{font-size:0.8rem!important;text-transform:uppercase!important}.layout_423 .usg_hwrapper_1{font-size:0.9rem!important}@media (max-width:600px){.layout_423 .usg_post_title_1{font-size:1.2rem!important}}<\/style><div class=\"w-grid-list\">\t<article class=\"w-grid-item size_1x1 post-6816 post type-post status-publish format-standard has-post-thumbnail hentry category-albisteak sailkapena-consolidacion-eu sailkapena-sociedad-laboral-eu\" data-id=\"6816\">\r\n\t\t<div class=\"w-grid-item-h\">\r\n\t\t\t\t\t\t<div class=\"w-post-elm post_image usg_post_image_1 stretched\"><a href=\"https:\/\/asle.es\/eu\/2026\/04\/16\/batzar-nagusia-2026\/\" aria-label=\"BATZAR NAGUSIA 2026\"><img loading=\"lazy\" decoding=\"async\" width=\"821\" height=\"551\" src=\"https:\/\/asle.es\/wp-content\/uploads\/2026\/04\/Save-the-date-ASLE_ASAMBLEA_GENERAL-2.png\" class=\"attachment-large size-large wp-post-image\" alt=\"\" srcset=\"https:\/\/asle.es\/wp-content\/uploads\/2026\/04\/Save-the-date-ASLE_ASAMBLEA_GENERAL-2.png 821w, https:\/\/asle.es\/wp-content\/uploads\/2026\/04\/Save-the-date-ASLE_ASAMBLEA_GENERAL-2-300x201.png 300w\" sizes=\"auto, (max-width: 821px) 100vw, 821px\" \/><\/a><\/div><div class=\"w-vwrapper usg_vwrapper_1 align_none valign_top\"><h4 class=\"w-post-elm post_title usg_post_title_1 entry-title color_link_inherit\"><a href=\"https:\/\/asle.es\/eu\/2026\/04\/16\/batzar-nagusia-2026\/\">BATZAR NAGUSIA 2026<\/a><\/h4><div class=\"w-hwrapper usg_hwrapper_1 align_left valign_middle\" style=\"--hwrapper-gap:0.6rem\"><div class=\"w-post-elm post_taxonomy usg_post_taxonomy_1 style_badge color_link_inherit\"><a class=\"w-btn us-btn-style_3 term-34 term-albisteak\" href=\"https:\/\/asle.es\/eu\/gatza\/albisteak\/\"><span class=\"w-btn-label\">Albisteak<\/span><\/a><\/div><\/div><time class=\"w-post-elm post_date usg_post_date_1 entry-date published\" datetime=\"2026-04-16T11:53:30+02:00\" title=\"11:53:30 Europe\/Madrid 16 apirila 2026\">11:53 16 Api<\/time><div class=\"w-post-elm post_content usg_post_content_1\">Datorren maiatzaren 15ean, ASLEko enpresa elkartuok urteko topaketa garrantzitsuena izango dugu Orona Ideon (Hernani). 2026ko Batzar Nagusia gure kudeaketaren jarraipena&hellip;<\/div><\/div>\t\t<\/div>\r\n\t\t\t<\/article>\r\n\t<article class=\"w-grid-item size_1x1 post-6697 post type-post status-publish format-standard has-post-thumbnail hentry category-uncategorized-eu sailkapena-consolidacion-eu\" data-id=\"6697\">\r\n\t\t<div class=\"w-grid-item-h\">\r\n\t\t\t\t\t\t<div class=\"w-post-elm post_image usg_post_image_1 stretched\"><a href=\"https:\/\/asle.es\/eu\/2026\/03\/11\/segimendu-ekonomiko-eta-finantzario-on-baterako-gakoak\/\" aria-label=\"Segimendu ekonomiko eta finantzario on baterako gakoak\"><img loading=\"lazy\" decoding=\"async\" width=\"821\" height=\"551\" src=\"https:\/\/asle.es\/wp-content\/uploads\/2026\/03\/ASLE_claves_seguimiento_economico_financiero-3.png\" class=\"attachment-large size-large wp-post-image\" alt=\"\" srcset=\"https:\/\/asle.es\/wp-content\/uploads\/2026\/03\/ASLE_claves_seguimiento_economico_financiero-3.png 821w, https:\/\/asle.es\/wp-content\/uploads\/2026\/03\/ASLE_claves_seguimiento_economico_financiero-3-300x201.png 300w\" sizes=\"auto, (max-width: 821px) 100vw, 821px\" \/><\/a><\/div><div class=\"w-vwrapper usg_vwrapper_1 align_none valign_top\"><h4 class=\"w-post-elm post_title usg_post_title_1 entry-title color_link_inherit\"><a href=\"https:\/\/asle.es\/eu\/2026\/03\/11\/segimendu-ekonomiko-eta-finantzario-on-baterako-gakoak\/\">Segimendu ekonomiko eta finantzario on baterako gakoak<\/a><\/h4><div class=\"w-hwrapper usg_hwrapper_1 align_left valign_middle\" style=\"--hwrapper-gap:0.6rem\"><div class=\"w-post-elm post_taxonomy usg_post_taxonomy_1 style_badge color_link_inherit\"><a class=\"w-btn us-btn-style_3 term-2 term-uncategorized-eu\" href=\"https:\/\/asle.es\/eu\/gatza\/uncategorized-eu\/\"><span class=\"w-btn-label\">Uncategorized @eu<\/span><\/a><\/div><\/div><time class=\"w-post-elm post_date usg_post_date_1 entry-date published\" datetime=\"2026-03-11T10:11:32+01:00\" title=\"10:11:32 Europe\/Madrid 11 martxoa 2026\">10:11 11 Mar<\/time><div class=\"w-post-elm post_content usg_post_content_1\">ETE batean jarraipen ekonomiko-finantzarioa egitea ez da soilik zergak ordaintzeko &#8220;paperak egunean eramatea&#8221;; kontua da iparrorratz bat izatea likidezia faltaren&hellip;<\/div><\/div>\t\t<\/div>\r\n\t\t\t<\/article>\r\n\t<article class=\"w-grid-item size_1x1 post-6671 post type-post status-publish format-standard has-post-thumbnail hentry category-albisteak sailkapena-consolidacion-eu sailkapena-consolidar-eu sailkapena-sociedad-laboral-eu\" data-id=\"6671\">\r\n\t\t<div class=\"w-grid-item-h\">\r\n\t\t\t\t\t\t<div class=\"w-post-elm post_image usg_post_image_1 stretched\"><a href=\"https:\/\/asle.es\/eu\/2026\/03\/04\/bazkidea-zergatik-erabiltzen-dugu-hitz-bakar-bat-hainbeste-esan-nahi-duen-zerbaitetarako\/\" aria-label=\"Bazkidea: Zergatik erabiltzen dugu hitz bakar bat hainbeste esan nahi duen zerbaitetarako?\"><img loading=\"lazy\" decoding=\"async\" width=\"821\" height=\"551\" src=\"https:\/\/asle.es\/wp-content\/uploads\/2026\/03\/ASLE_BAZKIDEA-1.png\" class=\"attachment-large size-large wp-post-image\" alt=\"\" srcset=\"https:\/\/asle.es\/wp-content\/uploads\/2026\/03\/ASLE_BAZKIDEA-1.png 821w, https:\/\/asle.es\/wp-content\/uploads\/2026\/03\/ASLE_BAZKIDEA-1-300x201.png 300w\" sizes=\"auto, (max-width: 821px) 100vw, 821px\" \/><\/a><\/div><div class=\"w-vwrapper usg_vwrapper_1 align_none valign_top\"><h4 class=\"w-post-elm post_title usg_post_title_1 entry-title color_link_inherit\"><a href=\"https:\/\/asle.es\/eu\/2026\/03\/04\/bazkidea-zergatik-erabiltzen-dugu-hitz-bakar-bat-hainbeste-esan-nahi-duen-zerbaitetarako\/\">Bazkidea: Zergatik erabiltzen dugu hitz bakar bat hainbeste esan nahi duen zerbaitetarako?<\/a><\/h4><div class=\"w-hwrapper usg_hwrapper_1 align_left valign_middle\" style=\"--hwrapper-gap:0.6rem\"><div class=\"w-post-elm post_taxonomy usg_post_taxonomy_1 style_badge color_link_inherit\"><a class=\"w-btn us-btn-style_3 term-34 term-albisteak\" href=\"https:\/\/asle.es\/eu\/gatza\/albisteak\/\"><span class=\"w-btn-label\">Albisteak<\/span><\/a><\/div><\/div><time class=\"w-post-elm post_date usg_post_date_1 entry-date published\" datetime=\"2026-03-04T09:41:52+01:00\" title=\"09:41:52 Europe\/Madrid 4 martxoa 2026\">9:41 4 Mar<\/time><div class=\"w-post-elm post_content usg_post_content_1\">Sarritan pentsatzen da gazteek konpromisoari ihes egiten diotela edo &#8220;behin-behineko&#8221; lanen bila dabiltzala. Hala ere, gure lan-sozietateen errealitateak oso bestelako&hellip;<\/div><\/div>\t\t<\/div>\r\n\t\t\t<\/article>\r\n\t<article class=\"w-grid-item size_1x1 post-6645 post type-post status-publish format-standard has-post-thumbnail hentry category-uncategorized-eu sailkapena-consolidacion-eu sailkapena-consolidar-eu sailkapena-sociedad-laboral-eu\" data-id=\"6645\">\r\n\t\t<div class=\"w-grid-item-h\">\r\n\t\t\t\t\t\t<div class=\"w-post-elm post_image usg_post_image_1 stretched\"><a href=\"https:\/\/asle.es\/eu\/2026\/02\/24\/bidea-prestatzea-bazkide-izatea-eboluzio-naturala-izateko\/\" aria-label=\"Bidea prestatzea, bazkide izatea eboluzio naturala izateko\"><img loading=\"lazy\" decoding=\"async\" width=\"821\" height=\"551\" src=\"https:\/\/asle.es\/wp-content\/uploads\/2026\/02\/ASLE_bidea_prestatzea_bazkide-1.png\" class=\"attachment-large size-large wp-post-image\" alt=\"\" srcset=\"https:\/\/asle.es\/wp-content\/uploads\/2026\/02\/ASLE_bidea_prestatzea_bazkide-1.png 821w, https:\/\/asle.es\/wp-content\/uploads\/2026\/02\/ASLE_bidea_prestatzea_bazkide-1-300x201.png 300w\" sizes=\"auto, (max-width: 821px) 100vw, 821px\" \/><\/a><\/div><div class=\"w-vwrapper usg_vwrapper_1 align_none valign_top\"><h4 class=\"w-post-elm post_title usg_post_title_1 entry-title color_link_inherit\"><a href=\"https:\/\/asle.es\/eu\/2026\/02\/24\/bidea-prestatzea-bazkide-izatea-eboluzio-naturala-izateko\/\">Bidea prestatzea, bazkide izatea eboluzio naturala izateko<\/a><\/h4><div class=\"w-hwrapper usg_hwrapper_1 align_left valign_middle\" style=\"--hwrapper-gap:0.6rem\"><div class=\"w-post-elm post_taxonomy usg_post_taxonomy_1 style_badge color_link_inherit\"><a class=\"w-btn us-btn-style_3 term-2 term-uncategorized-eu\" href=\"https:\/\/asle.es\/eu\/gatza\/uncategorized-eu\/\"><span class=\"w-btn-label\">Uncategorized @eu<\/span><\/a><\/div><\/div><time class=\"w-post-elm post_date usg_post_date_1 entry-date published\" datetime=\"2026-02-24T00:00:28+01:00\" title=\"00:00:28 Europe\/Madrid 24 otsaila 2026\">0:00 24 Ots<\/time><div class=\"w-post-elm post_content usg_post_content_1\">Ziurrenik behin baino gehiagotan egin diozu galdera hau zeure buruari: Zergatik kostatzen zaie hainbeste belaunaldi berriei jabetzarako urratsa ematea? Edo&hellip;<\/div><\/div>\t\t<\/div>\r\n\t\t\t<\/article>\r\n\t<article class=\"w-grid-item size_1x1 post-6594 post type-post status-publish format-standard has-post-thumbnail hentry category-uncategorized-eu sailkapena-consolidacion-eu sailkapena-sociedad-laboral-eu\" data-id=\"6594\">\r\n\t\t<div class=\"w-grid-item-h\">\r\n\t\t\t\t\t\t<div class=\"w-post-elm post_image usg_post_image_1 stretched\"><a href=\"https:\/\/asle.es\/eu\/2026\/02\/19\/hitz-egin-entzun-erabaki-gobernantza-parte-hartzailea\/\" aria-label=\"Hitz egin, entzun, erabaki: gobernantza parte-hartzailearen hirukia\"><img loading=\"lazy\" decoding=\"async\" width=\"821\" height=\"551\" src=\"https:\/\/asle.es\/wp-content\/uploads\/2026\/02\/ASLE_hablar_escuchar_decidir-1.png\" class=\"attachment-large size-large wp-post-image\" alt=\"\" srcset=\"https:\/\/asle.es\/wp-content\/uploads\/2026\/02\/ASLE_hablar_escuchar_decidir-1.png 821w, https:\/\/asle.es\/wp-content\/uploads\/2026\/02\/ASLE_hablar_escuchar_decidir-1-300x201.png 300w\" sizes=\"auto, (max-width: 821px) 100vw, 821px\" \/><\/a><\/div><div class=\"w-vwrapper usg_vwrapper_1 align_none valign_top\"><h4 class=\"w-post-elm post_title usg_post_title_1 entry-title color_link_inherit\"><a href=\"https:\/\/asle.es\/eu\/2026\/02\/19\/hitz-egin-entzun-erabaki-gobernantza-parte-hartzailea\/\">Hitz egin, entzun, erabaki: gobernantza parte-hartzailearen hirukia<\/a><\/h4><div class=\"w-hwrapper usg_hwrapper_1 align_left valign_middle\" style=\"--hwrapper-gap:0.6rem\"><div class=\"w-post-elm post_taxonomy usg_post_taxonomy_1 style_badge color_link_inherit\"><a class=\"w-btn us-btn-style_3 term-2 term-uncategorized-eu\" href=\"https:\/\/asle.es\/eu\/gatza\/uncategorized-eu\/\"><span class=\"w-btn-label\">Uncategorized @eu<\/span><\/a><\/div><\/div><time class=\"w-post-elm post_date usg_post_date_1 entry-date published\" datetime=\"2026-02-19T15:30:18+01:00\" title=\"15:30:18 Europe\/Madrid 19 otsaila 2026\">15:30 19 Ots<\/time><div class=\"w-post-elm post_content usg_post_content_1\">Lan-sozietateen ekosisteman, komunikazioa ez da kudeaketaren gehigarri huts bat, ezta jarraibideak transmititzeko kanal soil bat ere. Izan ere, enpresa-ereduaren beraren&hellip;<\/div><\/div>\t\t<\/div>\r\n\t\t\t<\/article>\r\n\t<article class=\"w-grid-item size_1x1 post-6576 post type-post status-publish format-standard has-post-thumbnail hentry category-albisteak sailkapena-consolidacion-eu sailkapena-sociedad-laboral-eu\" data-id=\"6576\">\r\n\t\t<div class=\"w-grid-item-h\">\r\n\t\t\t\t\t\t<div class=\"w-post-elm post_image usg_post_image_1 stretched\"><a href=\"https:\/\/asle.es\/eu\/2026\/02\/18\/conatec-agrupa-lab-competitividad-gauzatu-industria\/\" aria-label=\"Conatec SALek eta Agrupa Laboratorio SLLk Gauzatu Industriarekin duten lehiakortasuna indartu dute\"><img loading=\"lazy\" decoding=\"async\" width=\"821\" height=\"551\" src=\"https:\/\/asle.es\/wp-content\/uploads\/2026\/02\/ASLE_GAUZATU_INDUSTRIA-1.png\" class=\"attachment-large size-large wp-post-image\" alt=\"\" srcset=\"https:\/\/asle.es\/wp-content\/uploads\/2026\/02\/ASLE_GAUZATU_INDUSTRIA-1.png 821w, https:\/\/asle.es\/wp-content\/uploads\/2026\/02\/ASLE_GAUZATU_INDUSTRIA-1-300x201.png 300w\" sizes=\"auto, (max-width: 821px) 100vw, 821px\" \/><\/a><\/div><div class=\"w-vwrapper usg_vwrapper_1 align_none valign_top\"><h4 class=\"w-post-elm post_title usg_post_title_1 entry-title color_link_inherit\"><a href=\"https:\/\/asle.es\/eu\/2026\/02\/18\/conatec-agrupa-lab-competitividad-gauzatu-industria\/\">Conatec SALek eta Agrupa Laboratorio SLLk Gauzatu Industriarekin duten lehiakortasuna indartu dute<\/a><\/h4><div class=\"w-hwrapper usg_hwrapper_1 align_left valign_middle\" style=\"--hwrapper-gap:0.6rem\"><div class=\"w-post-elm post_taxonomy usg_post_taxonomy_1 style_badge color_link_inherit\"><a class=\"w-btn us-btn-style_3 term-34 term-albisteak\" href=\"https:\/\/asle.es\/eu\/gatza\/albisteak\/\"><span class=\"w-btn-label\">Albisteak<\/span><\/a><\/div><\/div><time class=\"w-post-elm post_date usg_post_date_1 entry-date published\" datetime=\"2026-02-18T17:19:35+01:00\" title=\"17:19:35 Europe\/Madrid 18 otsaila 2026\">17:19 18 Ots<\/time><div class=\"w-post-elm post_content usg_post_content_1\">Euskal industria-sarea urrats tinkoekin doa aurrera berrikuntza eta hazkunde handiagoko egoera baterantz. Testuinguru horretan, pozgarria da gure komunitateko bi enpresa,&hellip;<\/div><\/div>\t\t<\/div>\r\n\t\t\t<\/article>\r\n\t<article class=\"w-grid-item size_1x1 post-6395 post type-post status-publish format-standard has-post-thumbnail hentry category-albisteak sailkapena-consolidacion-eu sailkapena-consolidar-eu sailkapena-sociedad-laboral-eu\" data-id=\"6395\">\r\n\t\t<div class=\"w-grid-item-h\">\r\n\t\t\t\t\t\t<div class=\"w-post-elm post_image usg_post_image_1 stretched\"><a href=\"https:\/\/asle.es\/eu\/2026\/01\/20\/izar-bezeroek-babestutako-lan-sozietate-baten-bikaintasuna\/\" aria-label=\"IZAR: Bezeroek babestutako Lan-Sozietate baten bikaintasuna\"><img loading=\"lazy\" decoding=\"async\" width=\"1024\" height=\"595\" src=\"https:\/\/asle.es\/wp-content\/uploads\/2026\/01\/foto_gente_plantilla_IZAR_16_06_2025_txiki-1024x595.jpg\" class=\"attachment-large size-large wp-post-image\" alt=\"\" srcset=\"https:\/\/asle.es\/wp-content\/uploads\/2026\/01\/foto_gente_plantilla_IZAR_16_06_2025_txiki-1024x595.jpg 1024w, https:\/\/asle.es\/wp-content\/uploads\/2026\/01\/foto_gente_plantilla_IZAR_16_06_2025_txiki-300x174.jpg 300w, https:\/\/asle.es\/wp-content\/uploads\/2026\/01\/foto_gente_plantilla_IZAR_16_06_2025_txiki.jpg 2033w\" sizes=\"auto, (max-width: 1024px) 100vw, 1024px\" \/><\/a><\/div><div class=\"w-vwrapper usg_vwrapper_1 align_none valign_top\"><h4 class=\"w-post-elm post_title usg_post_title_1 entry-title color_link_inherit\"><a href=\"https:\/\/asle.es\/eu\/2026\/01\/20\/izar-bezeroek-babestutako-lan-sozietate-baten-bikaintasuna\/\">IZAR: Bezeroek babestutako Lan-Sozietate baten bikaintasuna<\/a><\/h4><div class=\"w-hwrapper usg_hwrapper_1 align_left valign_middle\" style=\"--hwrapper-gap:0.6rem\"><div class=\"w-post-elm post_taxonomy usg_post_taxonomy_1 style_badge color_link_inherit\"><a class=\"w-btn us-btn-style_3 term-34 term-albisteak\" href=\"https:\/\/asle.es\/eu\/gatza\/albisteak\/\"><span class=\"w-btn-label\">Albisteak<\/span><\/a><\/div><\/div><time class=\"w-post-elm post_date usg_post_date_1 entry-date published\" datetime=\"2026-01-20T09:42:35+01:00\" title=\"09:42:35 Europe\/Madrid 20 urtarrila 2026\">9:42 20 Urt<\/time><div class=\"w-post-elm post_content usg_post_content_1\">EAEko enpresa-ekosistemaren inguruan, badira inspiratzeko zabaltzea merezi duten lorpenak. Gaur, IZAR CUTTING TOOLS SALen jarri nahi dugu arreta, ebaketa-erreminten fabrikazioan&hellip;<\/div><\/div>\t\t<\/div>\r\n\t\t\t<\/article>\r\n\t<article class=\"w-grid-item size_1x1 post-6358 post type-post status-publish format-standard has-post-thumbnail hentry category-albisteak sailkapena-consolidacion-eu sailkapena-consolidar-eu sailkapena-sociedad-laboral-eu\" data-id=\"6358\">\r\n\t\t<div class=\"w-grid-item-h\">\r\n\t\t\t\t\t\t<div class=\"w-post-elm post_image usg_post_image_1 stretched\"><a href=\"https:\/\/asle.es\/eu\/2026\/01\/15\/kultura-kudeatzea-gaur-biharko-erreleboa-ziurtatzeko\/\" aria-label=\"Kultura kudeatzea gaur, biharko erreleboa ziurtatzeko\"><img loading=\"lazy\" decoding=\"async\" width=\"821\" height=\"551\" src=\"https:\/\/asle.es\/wp-content\/uploads\/2026\/01\/Copia-de-ASLE_LANDARTU.png\" class=\"attachment-large size-large wp-post-image\" alt=\"\" srcset=\"https:\/\/asle.es\/wp-content\/uploads\/2026\/01\/Copia-de-ASLE_LANDARTU.png 821w, https:\/\/asle.es\/wp-content\/uploads\/2026\/01\/Copia-de-ASLE_LANDARTU-300x201.png 300w\" sizes=\"auto, (max-width: 821px) 100vw, 821px\" \/><\/a><\/div><div class=\"w-vwrapper usg_vwrapper_1 align_none valign_top\"><h4 class=\"w-post-elm post_title usg_post_title_1 entry-title color_link_inherit\"><a href=\"https:\/\/asle.es\/eu\/2026\/01\/15\/kultura-kudeatzea-gaur-biharko-erreleboa-ziurtatzeko\/\">Kultura kudeatzea gaur, biharko erreleboa ziurtatzeko<\/a><\/h4><div class=\"w-hwrapper usg_hwrapper_1 align_left valign_middle\" style=\"--hwrapper-gap:0.6rem\"><div class=\"w-post-elm post_taxonomy usg_post_taxonomy_1 style_badge color_link_inherit\"><a class=\"w-btn us-btn-style_3 term-34 term-albisteak\" href=\"https:\/\/asle.es\/eu\/gatza\/albisteak\/\"><span class=\"w-btn-label\">Albisteak<\/span><\/a><\/div><\/div><time class=\"w-post-elm post_date usg_post_date_1 entry-date published\" datetime=\"2026-01-15T09:44:07+01:00\" title=\"09:44:07 Europe\/Madrid 15 urtarrila 2026\">9:44 15 Urt<\/time><div class=\"w-post-elm post_content usg_post_content_1\">Zer gertatzen da zure enpresan inor begira ez dagoenean? Galdera horren erantzuna zure enpresa-kultura da; askotan, ukiezina dela esaten dugu,&hellip;<\/div><\/div>\t\t<\/div>\r\n\t\t\t<\/article>\r\n\t<article class=\"w-grid-item size_1x1 post-6132 post type-post status-publish format-standard has-post-thumbnail hentry sailkapena-consolidacion-eu\" data-id=\"6132\">\r\n\t\t<div class=\"w-grid-item-h\">\r\n\t\t\t\t\t\t<div class=\"w-post-elm post_image usg_post_image_1 stretched\"><a href=\"https:\/\/asle.es\/eu\/2025\/11\/06\/trebakuntza-eta-tresnak-enpresen-etorkizuneko-oinarriak\/\" aria-label=\"Trebakuntza eta Tresnak: Enpresen Etorkizuneko Oinarriak\"><img loading=\"lazy\" decoding=\"async\" width=\"821\" height=\"551\" src=\"https:\/\/asle.es\/wp-content\/uploads\/2025\/11\/ASLE_Landartu_Pilares-para-el-Futuro-de-las-Empresas.png\" class=\"attachment-large size-large wp-post-image\" alt=\"\" srcset=\"https:\/\/asle.es\/wp-content\/uploads\/2025\/11\/ASLE_Landartu_Pilares-para-el-Futuro-de-las-Empresas.png 821w, https:\/\/asle.es\/wp-content\/uploads\/2025\/11\/ASLE_Landartu_Pilares-para-el-Futuro-de-las-Empresas-300x201.png 300w\" sizes=\"auto, (max-width: 821px) 100vw, 821px\" \/><\/a><\/div><div class=\"w-vwrapper usg_vwrapper_1 align_none valign_top\"><h4 class=\"w-post-elm post_title usg_post_title_1 entry-title color_link_inherit\"><a href=\"https:\/\/asle.es\/eu\/2025\/11\/06\/trebakuntza-eta-tresnak-enpresen-etorkizuneko-oinarriak\/\">Trebakuntza eta Tresnak: Enpresen Etorkizuneko Oinarriak<\/a><\/h4><div class=\"w-hwrapper usg_hwrapper_1 align_left valign_middle\" style=\"--hwrapper-gap:0.6rem\"><\/div><time class=\"w-post-elm post_date usg_post_date_1 entry-date published\" datetime=\"2025-11-06T08:00:56+01:00\" title=\"08:00:56 Europe\/Madrid 6 azaroa 2025\">2025-11-06<\/time><div class=\"w-post-elm post_content usg_post_content_1\">Gaur egungo enpresa-panoraman, indartsu eta lehiakor mantentzeko, etorkizuneko plangintza eta ikuspegia behar dira. Hori dela eta, inbertsio estrategiko giltzarri bat&hellip;<\/div><\/div>\t\t<\/div>\r\n\t\t\t<\/article>\r\n\t<article class=\"w-grid-item size_1x1 post-5828 post type-post status-publish format-standard has-post-thumbnail hentry category-albisteak sailkapena-consolidacion-eu sailkapena-economia-social-eu sailkapena-sociedad-laboral-eu\" data-id=\"5828\">\r\n\t\t<div class=\"w-grid-item-h\">\r\n\t\t\t\t\t\t<div class=\"w-post-elm post_image usg_post_image_1 stretched\"><a href=\"https:\/\/asle.es\/eu\/2025\/09\/17\/ecoes\/\" aria-label=\"EcoES: Etorkizuna zaintzen duten enpresak\"><img loading=\"lazy\" decoding=\"async\" width=\"821\" height=\"551\" src=\"https:\/\/asle.es\/wp-content\/uploads\/2025\/09\/ASLE_ECOES-3.png\" class=\"attachment-large size-large wp-post-image\" alt=\"\" srcset=\"https:\/\/asle.es\/wp-content\/uploads\/2025\/09\/ASLE_ECOES-3.png 821w, https:\/\/asle.es\/wp-content\/uploads\/2025\/09\/ASLE_ECOES-3-300x201.png 300w\" sizes=\"auto, (max-width: 821px) 100vw, 821px\" \/><\/a><\/div><div class=\"w-vwrapper usg_vwrapper_1 align_none valign_top\"><h4 class=\"w-post-elm post_title usg_post_title_1 entry-title color_link_inherit\"><a href=\"https:\/\/asle.es\/eu\/2025\/09\/17\/ecoes\/\">EcoES: Etorkizuna zaintzen duten enpresak<\/a><\/h4><div class=\"w-hwrapper usg_hwrapper_1 align_left valign_middle\" style=\"--hwrapper-gap:0.6rem\"><div class=\"w-post-elm post_taxonomy usg_post_taxonomy_1 style_badge color_link_inherit\"><a class=\"w-btn us-btn-style_3 term-34 term-albisteak\" href=\"https:\/\/asle.es\/eu\/gatza\/albisteak\/\"><span class=\"w-btn-label\">Albisteak<\/span><\/a><\/div><\/div><time class=\"w-post-elm post_date usg_post_date_1 entry-date published\" datetime=\"2025-09-17T10:33:23+02:00\" title=\"10:33:23 Europe\/Madrid 17 iraila 2025\">2025-09-17<\/time><div class=\"w-post-elm post_content usg_post_content_1\">EcoES: etorkizuna zaintzen duten enpresak EcoES proiektuak Gizarte Ekonomia eredu iraunkorrago eta lehiakorrago baterantz bultzatzen du. ASLEk gidatuta, Zorrotz Legazpirekin,&hellip;<\/div><\/div>\t\t<\/div>\r\n\t\t\t<\/article>\r\n<\/div>\t<div class=\"w-grid-preloader\">\r\n\t\t<div class=\"g-preloader type_1\">\r\n\t\t\t<div><\/div>\r\n\t\t<\/div>\r\n\t<\/div>\r\n\t\t<div class=\"w-grid-json hidden\" onclick='return {&quot;action&quot;:&quot;us_ajax_grid&quot;,&quot;infinite_scroll&quot;:0,&quot;max_num_pages&quot;:4,&quot;pagination&quot;:&quot;none&quot;,&quot;template_vars&quot;:{&quot;columns&quot;:&quot;3&quot;,&quot;exclude_items&quot;:&quot;none&quot;,&quot;img_size&quot;:&quot;default&quot;,&quot;ignore_items_size&quot;:0,&quot;items_layout&quot;:&quot;423&quot;,&quot;items_offset&quot;:&quot;1&quot;,&quot;load_animation&quot;:&quot;none&quot;,&quot;overriding_link&quot;:&quot;%7B%22url%22%3A%22%22%7D&quot;,&quot;post_id&quot;:0,&quot;query_args&quot;:{&quot;post_type&quot;:[&quot;post&quot;],&quot;tax_query&quot;:[{&quot;taxonomy&quot;:&quot;sailkapena&quot;,&quot;field&quot;:&quot;slug&quot;,&quot;terms&quot;:[&quot;consolidacion&quot;]}],&quot;post_status&quot;:[&quot;publish&quot;,&quot;acf-disabled&quot;],&quot;posts_per_page&quot;:&quot;10&quot;},&quot;orderby_query_args&quot;:{&quot;orderby&quot;:{&quot;date&quot;:&quot;DESC&quot;}},&quot;type&quot;:&quot;grid&quot;,&quot;us_grid_post_type&quot;:&quot;post&quot;,&quot;us_grid_ajax_index&quot;:1,&quot;us_grid_filter_query_string&quot;:null,&quot;us_grid_index&quot;:1,&quot;page_args&quot;:[],&quot;lang&quot;:&quot;eu&quot;}}'><\/div>\r\n\t<\/div><\/div><\/div><\/div><\/div><\/div><\/section><section class=\"l-section wpb_row height_small\"><div class=\"l-section-h i-cf\"><div class=\"g-cols vc_row via_flex valign_top type_default stacking_default\"><div class=\"vc_col-sm-12 wpb_column vc_column_container\"><div class=\"vc_column-inner\"><div class=\"wpb_wrapper\"><\/div><\/div><\/div><\/div><\/div><\/section><section class=\"l-section wpb_row height_small\"><div class=\"l-section-h i-cf\"><div class=\"g-cols vc_row via_flex valign_top type_default stacking_default\"><div class=\"vc_col-sm-12 wpb_column vc_column_container\"><div class=\"vc_column-inner\"><div class=\"wpb_wrapper\"><\/div><\/div><\/div><\/div><\/div><\/section>\n","protected":false},"excerpt":{"rendered":"EcoES: etorkizuna zaintzen duten enpresak EcoES proiektuak Gizarte Ekonomia eredu iraunkorrago eta lehiakorrago baterantz bultzatzen du. ASLEk gidatuta, Zorrotz Legazpirekin, New Feparekin, Industrias Ormolarekin eta Tierra M\u00e1s Ecologicarekin batera, EcoESek energia-eraginkortasunaren eta berrikuntzaren aldeko apustua egin du, aldaketa-motor gisa. Jarduerak industria-labe eraginkorrenetatik hasi eta nekazaritzan ura kudeatzeko sistemetaraino doaz. Energia-kontsumoa murriztu, lan-osasuna hobetu eta gure...","protected":false},"author":8,"featured_media":6705,"comment_status":"closed","ping_status":"open","sticky":false,"template":"","format":"standard","meta":{"_acf_changed":false,"footnotes":""},"categories":[2],"tags":[],"sailkapena":[44],"class_list":["post-6697","post","type-post","status-publish","format-standard","has-post-thumbnail","hentry","category-uncategorized-eu","sailkapena-consolidacion-eu"],"acf":[],"yoast_head":"<!-- This site is optimized with the Yoast SEO plugin v27.3 - https:\/\/yoast.com\/product\/yoast-seo-wordpress\/ -->\n<title>Segimendu ekonomiko eta finantzario on baterako gakoak<\/title>\n<meta name=\"description\" content=\"En el panorama empresarial actual, mantenerse fuerte y competitivo requiere de planificaci\u00f3n y visi\u00f3n de futuro. Conoce c\u00f3mo podemos ayudarte.\" \/>\n<meta name=\"robots\" content=\"index, follow, max-snippet:-1, max-image-preview:large, max-video-preview:-1\" \/>\n<link rel=\"canonical\" href=\"https:\/\/asle.es\/eu\/2026\/03\/11\/segimendu-ekonomiko-eta-finantzario-on-baterako-gakoak\/\" \/>\n<meta property=\"og:locale\" content=\"en_US\" \/>\n<meta property=\"og:type\" content=\"article\" \/>\n<meta property=\"og:title\" content=\"Segimendu ekonomiko eta finantzario on baterako gakoak\" \/>\n<meta property=\"og:description\" content=\"En el panorama empresarial actual, mantenerse fuerte y competitivo requiere de planificaci\u00f3n y visi\u00f3n de futuro. Conoce c\u00f3mo podemos ayudarte.\" \/>\n<meta property=\"og:url\" content=\"https:\/\/asle.es\/eu\/2026\/03\/11\/segimendu-ekonomiko-eta-finantzario-on-baterako-gakoak\/\" \/>\n<meta property=\"og:site_name\" content=\"Asle\" \/>\n<meta property=\"article:publisher\" content=\"https:\/\/www.facebook.com\/ASLESociedadesLaborales\/?locale=es_LA\" \/>\n<meta property=\"article:published_time\" content=\"2026-03-11T09:11:32+00:00\" \/>\n<meta property=\"article:modified_time\" content=\"2026-03-11T09:12:57+00:00\" \/>\n<meta property=\"og:image\" content=\"https:\/\/asle.es\/wp-content\/uploads\/2026\/03\/ASLE_claves_seguimiento_economico_financiero-3.png\" \/>\n\t<meta property=\"og:image:width\" content=\"821\" \/>\n\t<meta property=\"og:image:height\" content=\"551\" \/>\n\t<meta property=\"og:image:type\" content=\"image\/png\" \/>\n<meta name=\"author\" content=\"Asle\" \/>\n<meta name=\"twitter:card\" content=\"summary_large_image\" \/>\n<meta name=\"twitter:creator\" content=\"@asle_eus\" \/>\n<meta name=\"twitter:site\" content=\"@asle_eus\" \/>\n<meta name=\"twitter:label1\" content=\"Written by\" \/>\n\t<meta name=\"twitter:data1\" content=\"Asle\" \/>\n\t<meta name=\"twitter:label2\" content=\"Est. reading time\" \/>\n\t<meta name=\"twitter:data2\" content=\"3 minutua\" \/>\n<script type=\"application\/ld+json\" class=\"yoast-schema-graph\">{\"@context\":\"https:\\\/\\\/schema.org\",\"@graph\":[{\"@type\":\"Article\",\"@id\":\"https:\\\/\\\/asle.es\\\/eu\\\/2026\\\/03\\\/11\\\/segimendu-ekonomiko-eta-finantzario-on-baterako-gakoak\\\/#article\",\"isPartOf\":{\"@id\":\"https:\\\/\\\/asle.es\\\/eu\\\/2026\\\/03\\\/11\\\/segimendu-ekonomiko-eta-finantzario-on-baterako-gakoak\\\/\"},\"author\":{\"name\":\"Asle\",\"@id\":\"https:\\\/\\\/asle.es\\\/#\\\/schema\\\/person\\\/ec32458fa19c41ab1cbb99bb84bb5aa8\"},\"headline\":\"Segimendu ekonomiko eta finantzario on baterako gakoak\",\"datePublished\":\"2026-03-11T09:11:32+00:00\",\"dateModified\":\"2026-03-11T09:12:57+00:00\",\"mainEntityOfPage\":{\"@id\":\"https:\\\/\\\/asle.es\\\/eu\\\/2026\\\/03\\\/11\\\/segimendu-ekonomiko-eta-finantzario-on-baterako-gakoak\\\/\"},\"wordCount\":644,\"publisher\":{\"@id\":\"https:\\\/\\\/asle.es\\\/#organization\"},\"image\":{\"@id\":\"https:\\\/\\\/asle.es\\\/eu\\\/2026\\\/03\\\/11\\\/segimendu-ekonomiko-eta-finantzario-on-baterako-gakoak\\\/#primaryimage\"},\"thumbnailUrl\":\"https:\\\/\\\/asle.es\\\/wp-content\\\/uploads\\\/2026\\\/03\\\/ASLE_claves_seguimiento_economico_financiero-3.png\",\"articleSection\":[\"Uncategorized @eu\"],\"inLanguage\":\"eu\"},{\"@type\":\"WebPage\",\"@id\":\"https:\\\/\\\/asle.es\\\/eu\\\/2026\\\/03\\\/11\\\/segimendu-ekonomiko-eta-finantzario-on-baterako-gakoak\\\/\",\"url\":\"https:\\\/\\\/asle.es\\\/eu\\\/2026\\\/03\\\/11\\\/segimendu-ekonomiko-eta-finantzario-on-baterako-gakoak\\\/\",\"name\":\"Segimendu ekonomiko eta finantzario on baterako gakoak\",\"isPartOf\":{\"@id\":\"https:\\\/\\\/asle.es\\\/#website\"},\"primaryImageOfPage\":{\"@id\":\"https:\\\/\\\/asle.es\\\/eu\\\/2026\\\/03\\\/11\\\/segimendu-ekonomiko-eta-finantzario-on-baterako-gakoak\\\/#primaryimage\"},\"image\":{\"@id\":\"https:\\\/\\\/asle.es\\\/eu\\\/2026\\\/03\\\/11\\\/segimendu-ekonomiko-eta-finantzario-on-baterako-gakoak\\\/#primaryimage\"},\"thumbnailUrl\":\"https:\\\/\\\/asle.es\\\/wp-content\\\/uploads\\\/2026\\\/03\\\/ASLE_claves_seguimiento_economico_financiero-3.png\",\"datePublished\":\"2026-03-11T09:11:32+00:00\",\"dateModified\":\"2026-03-11T09:12:57+00:00\",\"description\":\"En el panorama empresarial actual, mantenerse fuerte y competitivo requiere de planificaci\u00f3n y visi\u00f3n de futuro. Conoce c\u00f3mo podemos ayudarte.\",\"breadcrumb\":{\"@id\":\"https:\\\/\\\/asle.es\\\/eu\\\/2026\\\/03\\\/11\\\/segimendu-ekonomiko-eta-finantzario-on-baterako-gakoak\\\/#breadcrumb\"},\"inLanguage\":\"eu\",\"potentialAction\":[{\"@type\":\"ReadAction\",\"target\":[\"https:\\\/\\\/asle.es\\\/eu\\\/2026\\\/03\\\/11\\\/segimendu-ekonomiko-eta-finantzario-on-baterako-gakoak\\\/\"]}]},{\"@type\":\"ImageObject\",\"inLanguage\":\"eu\",\"@id\":\"https:\\\/\\\/asle.es\\\/eu\\\/2026\\\/03\\\/11\\\/segimendu-ekonomiko-eta-finantzario-on-baterako-gakoak\\\/#primaryimage\",\"url\":\"https:\\\/\\\/asle.es\\\/wp-content\\\/uploads\\\/2026\\\/03\\\/ASLE_claves_seguimiento_economico_financiero-3.png\",\"contentUrl\":\"https:\\\/\\\/asle.es\\\/wp-content\\\/uploads\\\/2026\\\/03\\\/ASLE_claves_seguimiento_economico_financiero-3.png\",\"width\":821,\"height\":551},{\"@type\":\"BreadcrumbList\",\"@id\":\"https:\\\/\\\/asle.es\\\/eu\\\/2026\\\/03\\\/11\\\/segimendu-ekonomiko-eta-finantzario-on-baterako-gakoak\\\/#breadcrumb\",\"itemListElement\":[{\"@type\":\"ListItem\",\"position\":1,\"name\":\"Portada\",\"item\":\"https:\\\/\\\/asle.es\\\/eu\\\/\"},{\"@type\":\"ListItem\",\"position\":2,\"name\":\"Segimendu ekonomiko eta finantzario on baterako gakoak\"}]},{\"@type\":\"WebSite\",\"@id\":\"https:\\\/\\\/asle.es\\\/#website\",\"url\":\"https:\\\/\\\/asle.es\\\/\",\"name\":\"Asle &#8211; Parte-hartze handiagoa, etorkizun handiagoa\",\"description\":\"Parte-hartze handiagoa, etorkizun handiagoa\",\"publisher\":{\"@id\":\"https:\\\/\\\/asle.es\\\/#organization\"},\"potentialAction\":[{\"@type\":\"SearchAction\",\"target\":{\"@type\":\"EntryPoint\",\"urlTemplate\":\"https:\\\/\\\/asle.es\\\/?s={search_term_string}\"},\"query-input\":{\"@type\":\"PropertyValueSpecification\",\"valueRequired\":true,\"valueName\":\"search_term_string\"}}],\"inLanguage\":\"eu\"},{\"@type\":\"Organization\",\"@id\":\"https:\\\/\\\/asle.es\\\/#organization\",\"name\":\"Asle &#8211; Parte-hartze handiagoa, etorkizun handiagoa\",\"url\":\"https:\\\/\\\/asle.es\\\/\",\"logo\":{\"@type\":\"ImageObject\",\"inLanguage\":\"eu\",\"@id\":\"https:\\\/\\\/asle.es\\\/#\\\/schema\\\/logo\\\/image\\\/\",\"url\":\"https:\\\/\\\/asle.es\\\/wp-content\\\/uploads\\\/2019\\\/12\\\/01-logo-asle-2.png\",\"contentUrl\":\"https:\\\/\\\/asle.es\\\/wp-content\\\/uploads\\\/2019\\\/12\\\/01-logo-asle-2.png\",\"width\":2437,\"height\":1084,\"caption\":\"Asle &#8211; Parte-hartze handiagoa, etorkizun handiagoa\"},\"image\":{\"@id\":\"https:\\\/\\\/asle.es\\\/#\\\/schema\\\/logo\\\/image\\\/\"},\"sameAs\":[\"https:\\\/\\\/www.facebook.com\\\/ASLESociedadesLaborales\\\/?locale=es_LA\",\"https:\\\/\\\/x.com\\\/asle_eus\"]},{\"@type\":\"Person\",\"@id\":\"https:\\\/\\\/asle.es\\\/#\\\/schema\\\/person\\\/ec32458fa19c41ab1cbb99bb84bb5aa8\",\"name\":\"Asle\",\"image\":{\"@type\":\"ImageObject\",\"inLanguage\":\"eu\",\"@id\":\"https:\\\/\\\/secure.gravatar.com\\\/avatar\\\/c85b17335e11bca1261ba6f5dde6ca55a37ed0d068f9725b53a16509fe878364?s=96&d=mm&r=g\",\"url\":\"https:\\\/\\\/secure.gravatar.com\\\/avatar\\\/c85b17335e11bca1261ba6f5dde6ca55a37ed0d068f9725b53a16509fe878364?s=96&d=mm&r=g\",\"contentUrl\":\"https:\\\/\\\/secure.gravatar.com\\\/avatar\\\/c85b17335e11bca1261ba6f5dde6ca55a37ed0d068f9725b53a16509fe878364?s=96&d=mm&r=g\",\"caption\":\"Asle\"},\"url\":\"https:\\\/\\\/asle.es\\\/eu\\\/author\\\/asle\\\/\"}]}<\/script>\n<!-- \/ Yoast SEO plugin. -->","yoast_head_json":{"title":"Segimendu ekonomiko eta finantzario on baterako gakoak","description":"En el panorama empresarial actual, mantenerse fuerte y competitivo requiere de planificaci\u00f3n y visi\u00f3n de futuro. Conoce c\u00f3mo podemos ayudarte.","robots":{"index":"index","follow":"follow","max-snippet":"max-snippet:-1","max-image-preview":"max-image-preview:large","max-video-preview":"max-video-preview:-1"},"canonical":"https:\/\/asle.es\/eu\/2026\/03\/11\/segimendu-ekonomiko-eta-finantzario-on-baterako-gakoak\/","og_locale":"en_US","og_type":"article","og_title":"Segimendu ekonomiko eta finantzario on baterako gakoak","og_description":"En el panorama empresarial actual, mantenerse fuerte y competitivo requiere de planificaci\u00f3n y visi\u00f3n de futuro. Conoce c\u00f3mo podemos ayudarte.","og_url":"https:\/\/asle.es\/eu\/2026\/03\/11\/segimendu-ekonomiko-eta-finantzario-on-baterako-gakoak\/","og_site_name":"Asle","article_publisher":"https:\/\/www.facebook.com\/ASLESociedadesLaborales\/?locale=es_LA","article_published_time":"2026-03-11T09:11:32+00:00","article_modified_time":"2026-03-11T09:12:57+00:00","og_image":[{"width":821,"height":551,"url":"https:\/\/asle.es\/wp-content\/uploads\/2026\/03\/ASLE_claves_seguimiento_economico_financiero-3.png","type":"image\/png"}],"author":"Asle","twitter_card":"summary_large_image","twitter_creator":"@asle_eus","twitter_site":"@asle_eus","twitter_misc":{"Written by":"Asle","Est. reading time":"3 minutua"},"schema":{"@context":"https:\/\/schema.org","@graph":[{"@type":"Article","@id":"https:\/\/asle.es\/eu\/2026\/03\/11\/segimendu-ekonomiko-eta-finantzario-on-baterako-gakoak\/#article","isPartOf":{"@id":"https:\/\/asle.es\/eu\/2026\/03\/11\/segimendu-ekonomiko-eta-finantzario-on-baterako-gakoak\/"},"author":{"name":"Asle","@id":"https:\/\/asle.es\/#\/schema\/person\/ec32458fa19c41ab1cbb99bb84bb5aa8"},"headline":"Segimendu ekonomiko eta finantzario on baterako gakoak","datePublished":"2026-03-11T09:11:32+00:00","dateModified":"2026-03-11T09:12:57+00:00","mainEntityOfPage":{"@id":"https:\/\/asle.es\/eu\/2026\/03\/11\/segimendu-ekonomiko-eta-finantzario-on-baterako-gakoak\/"},"wordCount":644,"publisher":{"@id":"https:\/\/asle.es\/#organization"},"image":{"@id":"https:\/\/asle.es\/eu\/2026\/03\/11\/segimendu-ekonomiko-eta-finantzario-on-baterako-gakoak\/#primaryimage"},"thumbnailUrl":"https:\/\/asle.es\/wp-content\/uploads\/2026\/03\/ASLE_claves_seguimiento_economico_financiero-3.png","articleSection":["Uncategorized @eu"],"inLanguage":"eu"},{"@type":"WebPage","@id":"https:\/\/asle.es\/eu\/2026\/03\/11\/segimendu-ekonomiko-eta-finantzario-on-baterako-gakoak\/","url":"https:\/\/asle.es\/eu\/2026\/03\/11\/segimendu-ekonomiko-eta-finantzario-on-baterako-gakoak\/","name":"Segimendu ekonomiko eta finantzario on baterako gakoak","isPartOf":{"@id":"https:\/\/asle.es\/#website"},"primaryImageOfPage":{"@id":"https:\/\/asle.es\/eu\/2026\/03\/11\/segimendu-ekonomiko-eta-finantzario-on-baterako-gakoak\/#primaryimage"},"image":{"@id":"https:\/\/asle.es\/eu\/2026\/03\/11\/segimendu-ekonomiko-eta-finantzario-on-baterako-gakoak\/#primaryimage"},"thumbnailUrl":"https:\/\/asle.es\/wp-content\/uploads\/2026\/03\/ASLE_claves_seguimiento_economico_financiero-3.png","datePublished":"2026-03-11T09:11:32+00:00","dateModified":"2026-03-11T09:12:57+00:00","description":"En el panorama empresarial actual, mantenerse fuerte y competitivo requiere de planificaci\u00f3n y visi\u00f3n de futuro. Conoce c\u00f3mo podemos ayudarte.","breadcrumb":{"@id":"https:\/\/asle.es\/eu\/2026\/03\/11\/segimendu-ekonomiko-eta-finantzario-on-baterako-gakoak\/#breadcrumb"},"inLanguage":"eu","potentialAction":[{"@type":"ReadAction","target":["https:\/\/asle.es\/eu\/2026\/03\/11\/segimendu-ekonomiko-eta-finantzario-on-baterako-gakoak\/"]}]},{"@type":"ImageObject","inLanguage":"eu","@id":"https:\/\/asle.es\/eu\/2026\/03\/11\/segimendu-ekonomiko-eta-finantzario-on-baterako-gakoak\/#primaryimage","url":"https:\/\/asle.es\/wp-content\/uploads\/2026\/03\/ASLE_claves_seguimiento_economico_financiero-3.png","contentUrl":"https:\/\/asle.es\/wp-content\/uploads\/2026\/03\/ASLE_claves_seguimiento_economico_financiero-3.png","width":821,"height":551},{"@type":"BreadcrumbList","@id":"https:\/\/asle.es\/eu\/2026\/03\/11\/segimendu-ekonomiko-eta-finantzario-on-baterako-gakoak\/#breadcrumb","itemListElement":[{"@type":"ListItem","position":1,"name":"Portada","item":"https:\/\/asle.es\/eu\/"},{"@type":"ListItem","position":2,"name":"Segimendu ekonomiko eta finantzario on baterako gakoak"}]},{"@type":"WebSite","@id":"https:\/\/asle.es\/#website","url":"https:\/\/asle.es\/","name":"Asle &#8211; Parte-hartze handiagoa, etorkizun handiagoa","description":"Parte-hartze handiagoa, etorkizun handiagoa","publisher":{"@id":"https:\/\/asle.es\/#organization"},"potentialAction":[{"@type":"SearchAction","target":{"@type":"EntryPoint","urlTemplate":"https:\/\/asle.es\/?s={search_term_string}"},"query-input":{"@type":"PropertyValueSpecification","valueRequired":true,"valueName":"search_term_string"}}],"inLanguage":"eu"},{"@type":"Organization","@id":"https:\/\/asle.es\/#organization","name":"Asle &#8211; Parte-hartze handiagoa, etorkizun handiagoa","url":"https:\/\/asle.es\/","logo":{"@type":"ImageObject","inLanguage":"eu","@id":"https:\/\/asle.es\/#\/schema\/logo\/image\/","url":"https:\/\/asle.es\/wp-content\/uploads\/2019\/12\/01-logo-asle-2.png","contentUrl":"https:\/\/asle.es\/wp-content\/uploads\/2019\/12\/01-logo-asle-2.png","width":2437,"height":1084,"caption":"Asle &#8211; Parte-hartze handiagoa, etorkizun handiagoa"},"image":{"@id":"https:\/\/asle.es\/#\/schema\/logo\/image\/"},"sameAs":["https:\/\/www.facebook.com\/ASLESociedadesLaborales\/?locale=es_LA","https:\/\/x.com\/asle_eus"]},{"@type":"Person","@id":"https:\/\/asle.es\/#\/schema\/person\/ec32458fa19c41ab1cbb99bb84bb5aa8","name":"Asle","image":{"@type":"ImageObject","inLanguage":"eu","@id":"https:\/\/secure.gravatar.com\/avatar\/c85b17335e11bca1261ba6f5dde6ca55a37ed0d068f9725b53a16509fe878364?s=96&d=mm&r=g","url":"https:\/\/secure.gravatar.com\/avatar\/c85b17335e11bca1261ba6f5dde6ca55a37ed0d068f9725b53a16509fe878364?s=96&d=mm&r=g","contentUrl":"https:\/\/secure.gravatar.com\/avatar\/c85b17335e11bca1261ba6f5dde6ca55a37ed0d068f9725b53a16509fe878364?s=96&d=mm&r=g","caption":"Asle"},"url":"https:\/\/asle.es\/eu\/author\/asle\/"}]}},"_links":{"self":[{"href":"https:\/\/asle.es\/eu\/wp-json\/wp\/v2\/posts\/6697","targetHints":{"allow":["GET"]}}],"collection":[{"href":"https:\/\/asle.es\/eu\/wp-json\/wp\/v2\/posts"}],"about":[{"href":"https:\/\/asle.es\/eu\/wp-json\/wp\/v2\/types\/post"}],"author":[{"embeddable":true,"href":"https:\/\/asle.es\/eu\/wp-json\/wp\/v2\/users\/8"}],"replies":[{"embeddable":true,"href":"https:\/\/asle.es\/eu\/wp-json\/wp\/v2\/comments?post=6697"}],"version-history":[{"count":4,"href":"https:\/\/asle.es\/eu\/wp-json\/wp\/v2\/posts\/6697\/revisions"}],"predecessor-version":[{"id":6710,"href":"https:\/\/asle.es\/eu\/wp-json\/wp\/v2\/posts\/6697\/revisions\/6710"}],"wp:featuredmedia":[{"embeddable":true,"href":"https:\/\/asle.es\/eu\/wp-json\/wp\/v2\/media\/6705"}],"wp:attachment":[{"href":"https:\/\/asle.es\/eu\/wp-json\/wp\/v2\/media?parent=6697"}],"wp:term":[{"taxonomy":"category","embeddable":true,"href":"https:\/\/asle.es\/eu\/wp-json\/wp\/v2\/categories?post=6697"},{"taxonomy":"post_tag","embeddable":true,"href":"https:\/\/asle.es\/eu\/wp-json\/wp\/v2\/tags?post=6697"},{"taxonomy":"sailkapena","embeddable":true,"href":"https:\/\/asle.es\/eu\/wp-json\/wp\/v2\/sailkapena?post=6697"}],"curies":[{"name":"wp","href":"https:\/\/api.w.org\/{rel}","templated":true}]}}